{"id":10159,"date":"2019-09-03T19:00:49","date_gmt":"2019-09-03T19:00:49","guid":{"rendered":"https:\/\/www.spbezmiechowa.pl\/?p=10159"},"modified":"2025-06-10T20:55:54","modified_gmt":"2025-06-10T20:55:54","slug":"10159","status":"publish","type":"post","link":"https:\/\/www.spbezmiechowa.pl\/?p=10159","title":{"rendered":"Rozpocz\u0119cie roku szkolnego 2019\/20"},"content":{"rendered":"<p class=\"lead\">Dla ka\u017cdego ucznia nowy rok szkolny wi\u0105\u017ce si\u0119 z planami i wyzwaniami, kt\u00f3rym w trakcie nauki chce sprosta\u0107. Z takimi postanowieniami 2 wrze\u015bnia 2019 roku o godz. 8:00 uczniowie naszej szko\u0142y przybyli na msz\u0119 \u015bw. do ko\u015bcio\u0142a w Bezmiechowej, a nast\u0119pnie udali si\u0119 do szko\u0142y.<\/p>\n<div class=\"description\">\n<p>Po wprowadzeniu sztandaru i od\u015bpiewaniu hymnu szkolnego, uroczystego rozpocz\u0119cia roku szkolnego 2019\/20 dokona\u0142a pani dyrektor Lucyna Matuszewska, witaj\u0105c zaproszonych go\u015bci, rodzic\u00f3w, pracownik\u00f3w szko\u0142y oraz uczni\u00f3w, a w szczeg\u00f3lno\u015bci tych nowych, wkraczaj\u0105cych w mury naszej plac\u00f3wki.&nbsp;<\/p>\n<p>Nowy rok szkolny zosta\u0142 uroczy\u015bcie otwarty! Entuzjazm, zapa\u0142 oraz optymizm i doskona\u0142e warunki do nauki oraz rozwoju zapewni\u0105 nam w tym roku szkolnym z pewno\u015bci\u0105 sporo sukces\u00f3w. Plan dzia\u0142ania oparty na kontynuacji wielu projekt\u00f3w edukacyjnych, doskona\u0142a wsp\u00f3\u0142praca z rodzicami i gotowo\u015b\u0107 do ci\u0119\u017ckiej pracy na rzecz jak najlepszych wynik\u00f3w nauczania to zadania, kt\u00f3rym szko\u0142a chce sprosta\u0107.&nbsp;<\/p>\n<p>\u017byczymy wszystkim uczniom, by mieli nieukrywan\u0105 rado\u015b\u0107 z odkrywania i wg\u0142\u0119biania si\u0119 w kolejne pok\u0142ady wiedzy, a nauczycielom \u2013 satysfakcji z pracy z dzie\u0107mi i wielu sukces\u00f3w zawodowych.<\/p>\n<\/div>\n","protected":false},"excerpt":{"rendered":"<p>Dla ka\u017cdego ucznia nowy rok szkolny wi\u0105\u017ce si\u0119 z planami i wyzwaniami, kt\u00f3rym w trakcie nauki chce sprosta\u0107. Z takimi postanowieniami 2 wrze\u015bnia 2019 roku o godz. 8:00 uczniowie naszej szko\u0142y przybyli na msz\u0119 \u015bw. do ko\u015bcio\u0142a w Bezmiechowej, a nast\u0119pnie udali si\u0119 do szko\u0142y. Po wprowadzeniu sztandaru i od\u015bpiewaniu hymnu szkolnego, uroczystego rozpocz\u0119cia roku [&hellip;]<\/p>\n","protected":false},"author":2,"featured_media":10163,"comment_status":"closed","ping_status":"closed","sticky":false,"template":"","format":"standard","meta":{"ngg_post_thumbnail":0,"footnotes":""},"categories":[96,4],"tags":[],"class_list":["post-10159","post","type-post","status-publish","format-standard","has-post-thumbnail","hentry","category-2019-2020","category-aktualnosci"],"_links":{"self":[{"href":"https:\/\/www.spbezmiechowa.pl\/index.php?rest_route=\/wp\/v2\/posts\/10159","targetHints":{"allow":["GET"]}}],"collection":[{"href":"https:\/\/www.spbezmiechowa.pl\/index.php?rest_route=\/wp\/v2\/posts"}],"about":[{"href":"https:\/\/www.spbezmiechowa.pl\/index.php?rest_route=\/wp\/v2\/types\/post"}],"author":[{"embeddable":true,"href":"https:\/\/www.spbezmiechowa.pl\/index.php?rest_route=\/wp\/v2\/users\/2"}],"replies":[{"embeddable":true,"href":"https:\/\/www.spbezmiechowa.pl\/index.php?rest_route=%2Fwp%2Fv2%2Fcomments&post=10159"}],"version-history":[{"count":2,"href":"https:\/\/www.spbezmiechowa.pl\/index.php?rest_route=\/wp\/v2\/posts\/10159\/revisions"}],"predecessor-version":[{"id":10162,"href":"https:\/\/www.spbezmiechowa.pl\/index.php?rest_route=\/wp\/v2\/posts\/10159\/revisions\/10162"}],"wp:featuredmedia":[{"embeddable":true,"href":"https:\/\/www.spbezmiechowa.pl\/index.php?rest_route=\/wp\/v2\/media\/10163"}],"wp:attachment":[{"href":"https:\/\/www.spbezmiechowa.pl\/index.php?rest_route=%2Fwp%2Fv2%2Fmedia&parent=10159"}],"wp:term":[{"taxonomy":"category","embeddable":true,"href":"https:\/\/www.spbezmiechowa.pl\/index.php?rest_route=%2Fwp%2Fv2%2Fcategories&post=10159"},{"taxonomy":"post_tag","embeddable":true,"href":"https:\/\/www.spbezmiechowa.pl\/index.php?rest_route=%2Fwp%2Fv2%2Ftags&post=10159"}],"curies":[{"name":"wp","href":"https:\/\/api.w.org\/{rel}","templated":true}]}}