{"id":10164,"date":"2019-09-21T19:21:56","date_gmt":"2019-09-21T19:21:56","guid":{"rendered":"https:\/\/www.spbezmiechowa.pl\/?p=10164"},"modified":"2025-06-10T20:55:40","modified_gmt":"2025-06-10T20:55:40","slug":"nie-smiecimy-sprzatamy-zmieniamy-akcja-sprzatanie-swiata-2019","status":"publish","type":"post","link":"https:\/\/www.spbezmiechowa.pl\/?p=10164","title":{"rendered":"&#8222;Nie \u015bmiecimy &#8211; sprz\u0105tamy &#8211; zmieniamy!&#8221; Akcja &#8222;Sprz\u0105tanie \u015awiata&#8221; 2019"},"content":{"rendered":"<p class=\"western\" align=\"justify\">W dniu 20 wrze\u015bnia br. roku w pi\u0105tek wszyscy uczniowie naszej szko\u0142y &#8211; ci m\u0142odsi i ci starsi &#8211; wraz ze swymi opiekunami wzi\u0119li udzia\u0142 w sprz\u0105taniu okolicy. Tegorocznej edycji programu przy\u015bwieca\u0142o has\u0142o: <strong>&#8222;Nie \u015bmiecimy &#8211; sprz\u0105tamy &#8211; zmieniamy!&#8221;<\/strong>, a jej celem by\u0142o&nbsp;podejmowanie dzia\u0142a\u0144, dzi\u0119ki kt\u00f3rym nauczymy si\u0119 nie tworzy\u0107 niepotrzebnych odpad\u00f3w i b\u0119dziemy stawa\u0107 si\u0119 coraz bardziej odpowiedzialnymi konsumentami.<\/p>\n<p class=\"western\" align=\"justify\">O godzinie 10.00 uczestnicy akcji zaopatrzeni w odpowiedni sprz\u0119t i pozytywnie zmotywowani wznios\u0142ym celem przedsi\u0119wzi\u0119cia wyruszyli spod budynku szko\u0142y i zaj\u0119li si\u0119 oczyszczaniem przydzielonego im rewiru.<\/p>\n<p class=\"western\" align=\"justify\">Sprz\u0105taj\u0105cym sprzyja\u0142a pi\u0119kna, s\u0142oneczna pogoda, a dzi\u0119ki zaci\u0119ciu i aktywnej postawie wi\u0119kszo\u015bci uczni\u00f3w uda\u0142o si\u0119 zebra\u0107 \u015bmieci, kt\u00f3re nast\u0119pnie zosta\u0142y z\u0142o\u017cone we wcze\u015bniej ustalonych miejscach. Akcj\u0119 zako\u0144czono oko\u0142o godziny 12.30 z poczuciem satysfakcji z dobrze wykonanej pracy na rzecz \u015brodowiska.<\/p>\n<p class=\"western\" align=\"justify\">Ze wzgl\u0119du na sw\u00f3j jednorazowy charakter impreza mia\u0142a znaczenie symboliczne, bez w\u0105tpienia jednak pozwoli\u0142a obudzi\u0107 refleksj\u0119 nad stanem naturalnego \u015brodowiska i przys\u0142u\u017cy\u0142a si\u0119 rozwijaniu poczucia odpowiedzialno\u015bci za jego kondycj\u0119.<\/p>\n<p class=\"western\" align=\"justify\">Dzi\u0119kujemy wszystkim za zaanga\u017cowanie i zapraszamy do udzia\u0142u w kolejnych programach ekologicznych.<\/p>\n<p class=\"western\" align=\"justify\">&nbsp;<\/p>\n","protected":false},"excerpt":{"rendered":"<p>W dniu 20 wrze\u015bnia br. roku w pi\u0105tek wszyscy uczniowie naszej szko\u0142y &#8211; ci m\u0142odsi i ci starsi &#8211; wraz ze swymi opiekunami wzi\u0119li udzia\u0142 w sprz\u0105taniu okolicy. Tegorocznej edycji programu przy\u015bwieca\u0142o has\u0142o: &#8222;Nie \u015bmiecimy &#8211; sprz\u0105tamy &#8211; zmieniamy!&#8221;, a jej celem by\u0142o&nbsp;podejmowanie dzia\u0142a\u0144, dzi\u0119ki kt\u00f3rym nauczymy si\u0119 nie tworzy\u0107 niepotrzebnych odpad\u00f3w i b\u0119dziemy stawa\u0107 [&hellip;]<\/p>\n","protected":false},"author":2,"featured_media":10165,"comment_status":"closed","ping_status":"closed","sticky":false,"template":"","format":"standard","meta":{"ngg_post_thumbnail":0,"footnotes":""},"categories":[96,4],"tags":[],"class_list":["post-10164","post","type-post","status-publish","format-standard","has-post-thumbnail","hentry","category-2019-2020","category-aktualnosci"],"_links":{"self":[{"href":"https:\/\/www.spbezmiechowa.pl\/index.php?rest_route=\/wp\/v2\/posts\/10164","targetHints":{"allow":["GET"]}}],"collection":[{"href":"https:\/\/www.spbezmiechowa.pl\/index.php?rest_route=\/wp\/v2\/posts"}],"about":[{"href":"https:\/\/www.spbezmiechowa.pl\/index.php?rest_route=\/wp\/v2\/types\/post"}],"author":[{"embeddable":true,"href":"https:\/\/www.spbezmiechowa.pl\/index.php?rest_route=\/wp\/v2\/users\/2"}],"replies":[{"embeddable":true,"href":"https:\/\/www.spbezmiechowa.pl\/index.php?rest_route=%2Fwp%2Fv2%2Fcomments&post=10164"}],"version-history":[{"count":1,"href":"https:\/\/www.spbezmiechowa.pl\/index.php?rest_route=\/wp\/v2\/posts\/10164\/revisions"}],"predecessor-version":[{"id":10166,"href":"https:\/\/www.spbezmiechowa.pl\/index.php?rest_route=\/wp\/v2\/posts\/10164\/revisions\/10166"}],"wp:featuredmedia":[{"embeddable":true,"href":"https:\/\/www.spbezmiechowa.pl\/index.php?rest_route=\/wp\/v2\/media\/10165"}],"wp:attachment":[{"href":"https:\/\/www.spbezmiechowa.pl\/index.php?rest_route=%2Fwp%2Fv2%2Fmedia&parent=10164"}],"wp:term":[{"taxonomy":"category","embeddable":true,"href":"https:\/\/www.spbezmiechowa.pl\/index.php?rest_route=%2Fwp%2Fv2%2Fcategories&post=10164"},{"taxonomy":"post_tag","embeddable":true,"href":"https:\/\/www.spbezmiechowa.pl\/index.php?rest_route=%2Fwp%2Fv2%2Ftags&post=10164"}],"curies":[{"name":"wp","href":"https:\/\/api.w.org\/{rel}","templated":true}]}}