{"id":10177,"date":"2019-09-19T19:17:30","date_gmt":"2019-09-19T19:17:30","guid":{"rendered":"https:\/\/www.spbezmiechowa.pl\/?p=10177"},"modified":"2025-06-10T20:55:48","modified_gmt":"2025-06-10T20:55:48","slug":"spotkanie-ze-strazakami-2","status":"publish","type":"post","link":"https:\/\/www.spbezmiechowa.pl\/?p=10177","title":{"rendered":"Spotkanie ze stra\u017cakami"},"content":{"rendered":"<p>Dnia 18.09.2019r. w czwartek dzieci z zer\u00f3wki oraz klas I-III wraz z nauczycielami byli na wycieczce w Komendzie Powiatowej PSP w Sanoku.<\/p>\n<p>Na miejscu wszyscy zapoznali si\u0119 z nowym obiektem w kt\u00f3rym pracuj\u0105 zawodowi stra\u017cacy oraz z ich prac\u0105. Dzieci mia\u0142y okazj\u0119 uczestniczy\u0107 w warsztatach edukacyjnych &#8222;ognik&#8221;, podczas kt\u00f3rych ogl\u0105da\u0142y kr\u00f3tkie filmy przedstawiaj\u0105ce jak nale\u017cy zachowa\u0107 si\u0119 na wypadek powstania po\u017caru lub innego zagro\u017cenia. Podziwia\u0142y ogromne samochody stra\u017cackie, kt\u00f3rymi po\u017carnicy je\u017cd\u017c\u0105 do akcji. Z wielkim zainteresowaniem ogl\u0105da\u0142y wyposa\u017cenie pojazd\u00f3w: no\u017cyce do ci\u0119cia metalu, zestaw ratowniczy, specjalny ubi\u00f3r do po\u017caru, ubranie specjalne &#8211; \u017caroodporne, he\u0142my stra\u017cackie. Jednak najwi\u0119cej frajdy sprawi\u0142y im: rozmowa przez radiostacj\u0119 przeno\u015bn\u0105, alarm, zje\u017cd\u017canie stra\u017cak\u00f3w po rurze.<\/p>\n<p>Dzieci by\u0142y zachwycone i ochoczo pozowa\u0142y do zdj\u0119\u0107 pami\u0105tkowych. Wizyta w Komendzie Powiatowej PSP bardzo si\u0119 podoba\u0142a, a przedstawione informacje i pokazy na d\u0142ugo pozostan\u0105 w ich pami\u0119ci.<\/p>\n<p style=\"text-align: right;\">Kamila Fedak<\/p>\n","protected":false},"excerpt":{"rendered":"<p>Dnia 18.09.2019r. w czwartek dzieci z zer\u00f3wki oraz klas I-III wraz z nauczycielami byli na wycieczce w Komendzie Powiatowej PSP w Sanoku. Na miejscu wszyscy zapoznali si\u0119 z nowym obiektem w kt\u00f3rym pracuj\u0105 zawodowi stra\u017cacy oraz z ich prac\u0105. Dzieci mia\u0142y okazj\u0119 uczestniczy\u0107 w warsztatach edukacyjnych &#8222;ognik&#8221;, podczas kt\u00f3rych ogl\u0105da\u0142y kr\u00f3tkie filmy przedstawiaj\u0105ce jak nale\u017cy [&hellip;]<\/p>\n","protected":false},"author":2,"featured_media":10180,"comment_status":"closed","ping_status":"closed","sticky":false,"template":"","format":"standard","meta":{"ngg_post_thumbnail":0,"footnotes":""},"categories":[96,4],"tags":[],"class_list":["post-10177","post","type-post","status-publish","format-standard","has-post-thumbnail","hentry","category-2019-2020","category-aktualnosci"],"_links":{"self":[{"href":"https:\/\/www.spbezmiechowa.pl\/index.php?rest_route=\/wp\/v2\/posts\/10177","targetHints":{"allow":["GET"]}}],"collection":[{"href":"https:\/\/www.spbezmiechowa.pl\/index.php?rest_route=\/wp\/v2\/posts"}],"about":[{"href":"https:\/\/www.spbezmiechowa.pl\/index.php?rest_route=\/wp\/v2\/types\/post"}],"author":[{"embeddable":true,"href":"https:\/\/www.spbezmiechowa.pl\/index.php?rest_route=\/wp\/v2\/users\/2"}],"replies":[{"embeddable":true,"href":"https:\/\/www.spbezmiechowa.pl\/index.php?rest_route=%2Fwp%2Fv2%2Fcomments&post=10177"}],"version-history":[{"count":1,"href":"https:\/\/www.spbezmiechowa.pl\/index.php?rest_route=\/wp\/v2\/posts\/10177\/revisions"}],"predecessor-version":[{"id":10179,"href":"https:\/\/www.spbezmiechowa.pl\/index.php?rest_route=\/wp\/v2\/posts\/10177\/revisions\/10179"}],"wp:featuredmedia":[{"embeddable":true,"href":"https:\/\/www.spbezmiechowa.pl\/index.php?rest_route=\/wp\/v2\/media\/10180"}],"wp:attachment":[{"href":"https:\/\/www.spbezmiechowa.pl\/index.php?rest_route=%2Fwp%2Fv2%2Fmedia&parent=10177"}],"wp:term":[{"taxonomy":"category","embeddable":true,"href":"https:\/\/www.spbezmiechowa.pl\/index.php?rest_route=%2Fwp%2Fv2%2Fcategories&post=10177"},{"taxonomy":"post_tag","embeddable":true,"href":"https:\/\/www.spbezmiechowa.pl\/index.php?rest_route=%2Fwp%2Fv2%2Ftags&post=10177"}],"curies":[{"name":"wp","href":"https:\/\/api.w.org\/{rel}","templated":true}]}}