{"id":10237,"date":"2019-10-07T19:57:56","date_gmt":"2019-10-07T19:57:56","guid":{"rendered":"https:\/\/www.spbezmiechowa.pl\/?p=10237"},"modified":"2025-06-10T20:55:01","modified_gmt":"2025-06-10T20:55:01","slug":"wyroznienie-blekitne-skrzydla-2019-dla-naszej-szkoly","status":"publish","type":"post","link":"https:\/\/www.spbezmiechowa.pl\/?p=10237","title":{"rendered":"Wyr\u00f3\u017cnienie &#8222;B\u0142\u0119kitne Skrzyd\u0142a 2019&#8221; dla naszej szko\u0142y"},"content":{"rendered":"<p>28 sierpnia 2019r. na Polu Mokotowskim w Warszawie podczas centralnych obchod\u00f3w \u015awi\u0119ta Lotnictwa przy pomniku Lotnik\u00f3w Polskich w wyniku postanowienia Kapitu\u0142y&nbsp; w sk\u0142ad kt\u00f3rej wchodz\u0105 redakcja \u201eSkrzydlata Polska\u201d, Fundacja Ludzi Lotnictwa przy wsparciu Dow\u00f3dztwa Generalnego Rodzaj\u00f3w Si\u0142 Zbrojnych Szko\u0142a Podstawowa Fundacji \u201eElementarz\u201d im. Szybownik\u00f3w Polskich w Bezmiechowej Dolnej otrzyma\u0142a najwy\u017csze, <strong>honorowe wyr\u00f3\u017cnienie &#8222;B\u0142\u0119kitne Skrzyd\u0142a 2019<\/strong>&#8222;. Inicjatorem przyznania tej nagrody byli Pan Tadeusz Chwa\u0142czyk i Pan Zygmunt B\u0105k.<\/p>\n<p>To wspania\u0142e wyr\u00f3\u017cnienie w imieniu naszej szko\u0142y odebra\u0142a Przewodnicz\u0105ca Klubu Senior\u00f3w Lotnictwa przy Aeroklubie Pozna\u0144skim Barbara Grze\u015bkowiak-Bocian.<\/p>\n<p>4 pa\u017adziernika 2019r. podczas uroczystego apelu Pani Dyrektor Lucyna Matuszewska mog\u0142a osobi\u015bcie odebra\u0107 \u201eB\u0142\u0119kitne Skrzyd\u0142a\u201d. W skromne progi naszej szko\u0142y zawitali pani Barbara Grze\u015bkowiak-Bocian, Pani Adela Dankowska- polska pilotka szybowcowa, zdobywczyni Medalu Lilienthala, Pan mgr in\u017c. Krzysztof Drabarek- g\u0142\u00f3wny specjalista ds. technicznych na Politechnice Warszawskiej, Pan mgr in\u017c. Wojciech Fr\u0105czek- specjalista naukowo-techniczny Instytutu <a href=\"https:\/\/www.meil.pw.edu.pl\/itlims\">Techniki Lotniczej i Mechaniki Stosowanej<\/a> Politechniki Warszawskiej, konstruktor szybowcowy oraz studenci Aeroklubu Pozna\u0144skiego.<\/p>\n<p>Spotkanie rozpocz\u0119\u0142o si\u0119 od od\u015bpiewania przez uczni\u00f3w hymnu szko\u0142y upami\u0119tniaj\u0105cego rekordowy przelot Tadeusza G\u00f3ry z Bezmiechowej Dolnej do Solecznik Ma\u0142ych co bardzo wzruszy\u0142o wszystkich przyby\u0142ych. Nast\u0119pnie Pani Dyrektor serdecznie przywita\u0142a zgromadzonych go\u015bci oraz gor\u0105co podzi\u0119kowa\u0142a za mo\u017cliwo\u015b\u0107 znalezienia si\u0119 szko\u0142y w tak zaszczytnym gronie laureat\u00f3w nagrody. Pani Barbara Grze\u015bkowiak-Bocian, Pani Adela Dankowska oraz&nbsp; przedstawiciele Politechniki Warszawskiej r\u00f3wnie\u017c zabrali g\u0142os zach\u0119caj\u0105c uczni\u00f3w do odwagi w zdobywaniu wyznaczonych cel\u00f3w przypominaj\u0105c s\u0142owa widniej\u0105ce na sztandarze naszej szko\u0142y: &#8222;Przez trudy do gwiazd&#8221;. Apel zako\u0144czy\u0142 si\u0119 wr\u0119czeniem uczniom lotniczych upomink\u00f3w.<\/p>\n<p>Wydarzenie to na d\u0142ugo pozostanie w pami\u0119ci zar\u00f3wno uczni\u00f3w jak i pracownik\u00f3w szko\u0142y,<br \/>\na dzi\u0119ki otrzymanej nagrodzie szko\u0142a z jeszcze wi\u0119kszym zapa\u0142em i dum\u0105 b\u0119dzie podtrzymywa\u0107 tradycje szybownicze.<\/p>\n<p style=\"text-align: right;\">Tekst: Diana Marcyszyn<\/p>\n<p><!--more--><\/p>\nngg_shortcode_0_placeholder\n","protected":false},"excerpt":{"rendered":"<p>28 sierpnia 2019r. na Polu Mokotowskim w Warszawie podczas centralnych obchod\u00f3w \u015awi\u0119ta Lotnictwa przy pomniku Lotnik\u00f3w Polskich w wyniku postanowienia Kapitu\u0142y&nbsp; w sk\u0142ad kt\u00f3rej wchodz\u0105 redakcja \u201eSkrzydlata Polska\u201d, Fundacja Ludzi Lotnictwa przy wsparciu Dow\u00f3dztwa Generalnego Rodzaj\u00f3w Si\u0142 Zbrojnych Szko\u0142a Podstawowa Fundacji \u201eElementarz\u201d im. Szybownik\u00f3w Polskich w Bezmiechowej Dolnej otrzyma\u0142a najwy\u017csze, honorowe wyr\u00f3\u017cnienie &#8222;B\u0142\u0119kitne Skrzyd\u0142a 2019&#8222;. [&hellip;]<\/p>\n","protected":false},"author":2,"featured_media":10238,"comment_status":"closed","ping_status":"closed","sticky":false,"template":"","format":"standard","meta":{"ngg_post_thumbnail":0,"footnotes":""},"categories":[96,4],"tags":[],"class_list":["post-10237","post","type-post","status-publish","format-standard","has-post-thumbnail","hentry","category-2019-2020","category-aktualnosci"],"_links":{"self":[{"href":"https:\/\/www.spbezmiechowa.pl\/index.php?rest_route=\/wp\/v2\/posts\/10237","targetHints":{"allow":["GET"]}}],"collection":[{"href":"https:\/\/www.spbezmiechowa.pl\/index.php?rest_route=\/wp\/v2\/posts"}],"about":[{"href":"https:\/\/www.spbezmiechowa.pl\/index.php?rest_route=\/wp\/v2\/types\/post"}],"author":[{"embeddable":true,"href":"https:\/\/www.spbezmiechowa.pl\/index.php?rest_route=\/wp\/v2\/users\/2"}],"replies":[{"embeddable":true,"href":"https:\/\/www.spbezmiechowa.pl\/index.php?rest_route=%2Fwp%2Fv2%2Fcomments&post=10237"}],"version-history":[{"count":3,"href":"https:\/\/www.spbezmiechowa.pl\/index.php?rest_route=\/wp\/v2\/posts\/10237\/revisions"}],"predecessor-version":[{"id":10256,"href":"https:\/\/www.spbezmiechowa.pl\/index.php?rest_route=\/wp\/v2\/posts\/10237\/revisions\/10256"}],"wp:featuredmedia":[{"embeddable":true,"href":"https:\/\/www.spbezmiechowa.pl\/index.php?rest_route=\/wp\/v2\/media\/10238"}],"wp:attachment":[{"href":"https:\/\/www.spbezmiechowa.pl\/index.php?rest_route=%2Fwp%2Fv2%2Fmedia&parent=10237"}],"wp:term":[{"taxonomy":"category","embeddable":true,"href":"https:\/\/www.spbezmiechowa.pl\/index.php?rest_route=%2Fwp%2Fv2%2Fcategories&post=10237"},{"taxonomy":"post_tag","embeddable":true,"href":"https:\/\/www.spbezmiechowa.pl\/index.php?rest_route=%2Fwp%2Fv2%2Ftags&post=10237"}],"curies":[{"name":"wp","href":"https:\/\/api.w.org\/{rel}","templated":true}]}}