{"id":10274,"date":"2019-10-01T07:18:43","date_gmt":"2019-10-01T07:18:43","guid":{"rendered":"https:\/\/www.spbezmiechowa.pl\/?p=10274"},"modified":"2025-06-10T20:55:08","modified_gmt":"2025-06-10T20:55:08","slug":"dzien-glosnego-czytania","status":"publish","type":"post","link":"https:\/\/www.spbezmiechowa.pl\/?p=10274","title":{"rendered":"Dzie\u0144 G\u0142o\u015bnego Czytania ze S\u0142odziakami"},"content":{"rendered":"<p>30 wrze\u015bnia w naszej szkole odby\u0142 si\u0119 Dzie\u0144 G\u0142o\u015bnego Czytania. Wzi\u0119li w nim udzia\u0142 uczniowie klas 1-3 oraz grupa dzieci z oddzia\u0142u \u201ezerowego\u201d. Ju\u017c po raz&nbsp; drugi nasza szko\u0142a przyst\u0105pi\u0142a do konkursu \u201eSzkolne Przygody S\u0142odziak\u00f3w\u201d &#8211; promuj\u0105cego czytanie w\u015br\u00f3d najm\u0142odszych, organizowanego przez sie\u0107 sklep\u00f3w \u201eBiedronka\u201d.&nbsp;<\/p>\n<p>Zanim uczniowie weszli do klasy zostali podzieleni na dwa zespo\u0142y. Ka\u017cdy zesp\u00f3\u0142 otrzyma\u0142 3 zadania. Za ka\u017cde prawid\u0142owo rozwi\u0105zane zadanie, uczniowie otrzymywali jedn\u0105 liter\u0119. Litery tworzy\u0142y has\u0142o, kt\u00f3re by\u0142o tematem przewodnim tego dnia (LAS).&nbsp; Pierwsze zadanie polega\u0142o na rozwi\u0105zaniu krzy\u017c\u00f3wki- wydawa\u0107 by si\u0119 mog\u0142o &#8211; zadanie bardzo \u0142atwe- wystarczy\u0142o tylko wpisa\u0107, jak nazywaj\u0105 si\u0119 przedmioty widoczne na obrazkach- nic bardziej mylnego! Ale jak nazywaj\u0105 si\u0119 te ogromne no\u017cyce do obcinania krzew\u00f3w? Dzieci g\u0142o\u015bno si\u0119 zastanawia\u0142y, pada\u0142y r\u00f3\u017cne propozycje,&nbsp; a\u017c w ko\u0144cu&nbsp; kto\u015b g\u0142o\u015bno krzykn\u0105\u0142 \u201eSekator!\u201d. A\u017c mi\u0142o by\u0142o patrze\u0107 jak &nbsp;ze sob\u0105 wsp\u00f3\u0142pracuj\u0105\u2026<\/p>\n<p>Drugim zadaniem by\u0142o posadzenie kasztana. Zanim uczniowie przyst\u0105pili do tego zadania uwa\u017cnie wys\u0142ucha\u0142y pani, kt\u00f3ra opowiada\u0142a o lesie i jego roli w \u015brodowisku naturalnym. Dzieci dowiedzia\u0142y si\u0119, jak w lesie powstaje pr\u00f3chnica&nbsp; i dlaczego pe\u0142ni tak wa\u017cn\u0105 rol\u0119 w tym ekosystemie. Nast\u0119pnie dzieciaki otrzyma\u0142y \u201edoniczk\u0119 z odzysku\u201d- kubeczek po \u015bmietanie, kasztana, trociny, ziemi\u0119 oraz igliwie. &nbsp;Uczniowie od razu wiedzieli co robi\u0107- poradzili sobie z tym zadaniem bezb\u0142\u0119dnie.<\/p>\n<p>Trzecie zadanie polega\u0142o na wsp\u00f3lnym wykonaniu dekoracji do obchod\u00f3w Dnia G\u0142o\u015bnego Czytania- powsta\u0142o Magiczne Drzewo S\u0142odziak\u00f3w, wykonane z materia\u0142\u00f3w nadaj\u0105cych si\u0119 do recyklingu. Opr\u00f3cz tego, dzieci uruchomi\u0142y swoj\u0105 niew\u0105tpliwie wspania\u0142\u0105 wyobra\u017ani\u0119 i stworzy\u0142y tajemniczych mieszka\u0144c\u00f3w magicznego lasu- sowy z puszek, je\u017ce z plastikowych kubeczk\u00f3w czy liski z plastikowych butelek- wszystko to by\u0142o pi\u0119kne i kolorowe\u2026<\/p>\n<p>Nast\u0119pnie zaprosili\u015bmy dzieci z oddzia\u0142u zerowego, aby wsp\u00f3lnie z nami wys\u0142ucha\u0142y&nbsp;&nbsp; opowiadania pt. \u201eKr\u00f3lestwo\u201d. Dzieci uwa\u017cnie s\u0142ucha\u0142y, a nast\u0119pnie odpowiada\u0142y na zadawane pytania. Dzieci dosz\u0142y do wniosku, \u017ce to co nas otacza- nasze \u015brodowisko, to nasze ma\u0142e kr\u00f3lestwo, o kt\u00f3re musimy dba\u0107. Je\u015bli tego nie b\u0119dziemy robi\u0107, nie przetrwamy. I warto o tym pami\u0119ta\u0107, \u017ce \u201eNie by\u0142o nas, by\u0142 las, nie b\u0119dzie nas- b\u0119dzie las\u2026\u201d<\/p>\n<p>Ostatnim etapem obchod\u00f3w Dnia G\u0142o\u015bnego Czytania by\u0142o pisanie list\u00f3w do nieuleczalnie chorych dzieci.&nbsp; W kilku ciep\u0142ych s\u0142owach przekazali\u015bmy s\u0142owa wsparcia i otuchy dzieciom, kt\u00f3re na co dzie\u0144 walcz\u0105 z przeciwno\u015bciami losu. Mamy nadziej\u0119, \u017ce cho\u0107 na chwil\u0119 zapomn\u0105 o trudach dnia codziennego a nasze listy wywo\u0142aj\u0105 u\u015bmiech na ich buziach \u2026<\/p>\n<p style=\"text-align: right;\">Tekst i fot.: Agnieszka Wa\u0144ca<\/p>\n<p><!--more--><\/p>\nngg_shortcode_0_placeholder\n","protected":false},"excerpt":{"rendered":"<p>30 wrze\u015bnia w naszej szkole odby\u0142 si\u0119 Dzie\u0144 G\u0142o\u015bnego Czytania. Wzi\u0119li w nim udzia\u0142 uczniowie klas 1-3 oraz grupa dzieci z oddzia\u0142u \u201ezerowego\u201d. Ju\u017c po raz&nbsp; drugi nasza szko\u0142a przyst\u0105pi\u0142a do konkursu \u201eSzkolne Przygody S\u0142odziak\u00f3w\u201d &#8211; promuj\u0105cego czytanie w\u015br\u00f3d najm\u0142odszych, organizowanego przez sie\u0107 sklep\u00f3w \u201eBiedronka\u201d.&nbsp; Zanim uczniowie weszli do klasy zostali podzieleni na dwa zespo\u0142y. [&hellip;]<\/p>\n","protected":false},"author":2,"featured_media":10277,"comment_status":"closed","ping_status":"closed","sticky":false,"template":"","format":"standard","meta":{"ngg_post_thumbnail":0,"footnotes":""},"categories":[96,4],"tags":[],"class_list":["post-10274","post","type-post","status-publish","format-standard","has-post-thumbnail","hentry","category-2019-2020","category-aktualnosci"],"_links":{"self":[{"href":"https:\/\/www.spbezmiechowa.pl\/index.php?rest_route=\/wp\/v2\/posts\/10274","targetHints":{"allow":["GET"]}}],"collection":[{"href":"https:\/\/www.spbezmiechowa.pl\/index.php?rest_route=\/wp\/v2\/posts"}],"about":[{"href":"https:\/\/www.spbezmiechowa.pl\/index.php?rest_route=\/wp\/v2\/types\/post"}],"author":[{"embeddable":true,"href":"https:\/\/www.spbezmiechowa.pl\/index.php?rest_route=\/wp\/v2\/users\/2"}],"replies":[{"embeddable":true,"href":"https:\/\/www.spbezmiechowa.pl\/index.php?rest_route=%2Fwp%2Fv2%2Fcomments&post=10274"}],"version-history":[{"count":4,"href":"https:\/\/www.spbezmiechowa.pl\/index.php?rest_route=\/wp\/v2\/posts\/10274\/revisions"}],"predecessor-version":[{"id":10279,"href":"https:\/\/www.spbezmiechowa.pl\/index.php?rest_route=\/wp\/v2\/posts\/10274\/revisions\/10279"}],"wp:featuredmedia":[{"embeddable":true,"href":"https:\/\/www.spbezmiechowa.pl\/index.php?rest_route=\/wp\/v2\/media\/10277"}],"wp:attachment":[{"href":"https:\/\/www.spbezmiechowa.pl\/index.php?rest_route=%2Fwp%2Fv2%2Fmedia&parent=10274"}],"wp:term":[{"taxonomy":"category","embeddable":true,"href":"https:\/\/www.spbezmiechowa.pl\/index.php?rest_route=%2Fwp%2Fv2%2Fcategories&post=10274"},{"taxonomy":"post_tag","embeddable":true,"href":"https:\/\/www.spbezmiechowa.pl\/index.php?rest_route=%2Fwp%2Fv2%2Ftags&post=10274"}],"curies":[{"name":"wp","href":"https:\/\/api.w.org\/{rel}","templated":true}]}}