{"id":10289,"date":"2019-06-26T17:05:13","date_gmt":"2019-06-26T17:05:13","guid":{"rendered":"https:\/\/www.spbezmiechowa.pl\/?p=10289"},"modified":"2025-06-10T20:56:09","modified_gmt":"2025-06-10T20:56:09","slug":"10289","status":"publish","type":"post","link":"https:\/\/www.spbezmiechowa.pl\/?p=10289","title":{"rendered":"Wycieczka Przedszkolak\u00f3w do Plac\u00f3wki Stra\u017cy Granicznej"},"content":{"rendered":"<div>W dniu 25.09.2019r. dzieci z naszego przedszkola mia\u0142y mo\u017cliwo\u015b\u0107 zwiedzenia Plac\u00f3wki Stra\u017cy Granicznej w Wojtkowej. Celem wycieczki by\u0142o zapoznanie przedszkolak\u00f3w z funkcjonowaniem plac\u00f3wki, obowi\u0105zkami jej pracownik\u00f3w oraz poznanie specyfiki s\u0142u\u017cby funkcjonariuszy bezpo\u015brednio ochraniaj\u0105cych granice wewn\u0119trzne i zewn\u0119trzne Unii Europejskiej.<\/div>\n<div>Na pocz\u0105tku spotkania przedszkolaki mia\u0142y mo\u017cliwo\u015b\u0107 obejrzenia i ubrania si\u0119 w kamizelki kuloodporne, kaski, skorzystania z lornetki, noktowizora, kajdanek i innych, niezb\u0119dnych w tej pracy, urz\u0105dze\u0144.<\/div>\n<div>Uczestniczyli\u015bmy w pokazie tresury psa, ogl\u0105dali\u015bmy sprz\u0119t, kt\u00f3rym poruszaj\u0105 si\u0119 funkcjonariusze podczas patroli. Dzieci mia\u0142y mo\u017cliwo\u015b\u0107 wej\u015bcia do ka\u017cdego z pojazd\u00f3w.<\/div>\n<div>Dzi\u0119kujemy panu Komendantowi za mo\u017cliwo\u015b\u0107 przyjazdu do plac\u00f3wki, panu Szymonowi Kmieci\u0144skiemu oraz wszystkim funkcjonariuszom Stra\u017cy Granicznej zaanga\u017cowanym w nasze spotkanie.<\/div>\n<div>Wycieczka zako\u0144czy\u0142a si\u0119 ogniskiem i smacznymi kie\u0142baskami oraz zabawami pod wiat\u0105 w Bezmiechowej G\u00f3rnej. Dzieci cho\u0107 zm\u0119czone, wraca\u0142y do dom\u00f3w zadowolone i pe\u0142ne wra\u017ce\u0144.&nbsp;<\/div>\n<div style=\"text-align: right;\">Tekst i fot.: Joanna Latusek<\/div>\n<p><!--more--><\/p>\n<p>&nbsp;<\/p>\n","protected":false},"excerpt":{"rendered":"<p>W dniu 25.09.2019r. dzieci z naszego przedszkola mia\u0142y mo\u017cliwo\u015b\u0107 zwiedzenia Plac\u00f3wki Stra\u017cy Granicznej w Wojtkowej. Celem wycieczki by\u0142o zapoznanie przedszkolak\u00f3w z funkcjonowaniem plac\u00f3wki, obowi\u0105zkami jej pracownik\u00f3w oraz poznanie specyfiki s\u0142u\u017cby funkcjonariuszy bezpo\u015brednio ochraniaj\u0105cych granice wewn\u0119trzne i zewn\u0119trzne Unii Europejskiej. Na pocz\u0105tku spotkania przedszkolaki mia\u0142y mo\u017cliwo\u015b\u0107 obejrzenia i ubrania si\u0119 w kamizelki kuloodporne, kaski, skorzystania z [&hellip;]<\/p>\n","protected":false},"author":2,"featured_media":10290,"comment_status":"closed","ping_status":"closed","sticky":false,"template":"","format":"standard","meta":{"ngg_post_thumbnail":0,"footnotes":""},"categories":[97,4],"tags":[],"class_list":["post-10289","post","type-post","status-publish","format-standard","has-post-thumbnail","hentry","category-2018-2019","category-aktualnosci"],"_links":{"self":[{"href":"https:\/\/www.spbezmiechowa.pl\/index.php?rest_route=\/wp\/v2\/posts\/10289","targetHints":{"allow":["GET"]}}],"collection":[{"href":"https:\/\/www.spbezmiechowa.pl\/index.php?rest_route=\/wp\/v2\/posts"}],"about":[{"href":"https:\/\/www.spbezmiechowa.pl\/index.php?rest_route=\/wp\/v2\/types\/post"}],"author":[{"embeddable":true,"href":"https:\/\/www.spbezmiechowa.pl\/index.php?rest_route=\/wp\/v2\/users\/2"}],"replies":[{"embeddable":true,"href":"https:\/\/www.spbezmiechowa.pl\/index.php?rest_route=%2Fwp%2Fv2%2Fcomments&post=10289"}],"version-history":[{"count":3,"href":"https:\/\/www.spbezmiechowa.pl\/index.php?rest_route=\/wp\/v2\/posts\/10289\/revisions"}],"predecessor-version":[{"id":10293,"href":"https:\/\/www.spbezmiechowa.pl\/index.php?rest_route=\/wp\/v2\/posts\/10289\/revisions\/10293"}],"wp:featuredmedia":[{"embeddable":true,"href":"https:\/\/www.spbezmiechowa.pl\/index.php?rest_route=\/wp\/v2\/media\/10290"}],"wp:attachment":[{"href":"https:\/\/www.spbezmiechowa.pl\/index.php?rest_route=%2Fwp%2Fv2%2Fmedia&parent=10289"}],"wp:term":[{"taxonomy":"category","embeddable":true,"href":"https:\/\/www.spbezmiechowa.pl\/index.php?rest_route=%2Fwp%2Fv2%2Fcategories&post=10289"},{"taxonomy":"post_tag","embeddable":true,"href":"https:\/\/www.spbezmiechowa.pl\/index.php?rest_route=%2Fwp%2Fv2%2Ftags&post=10289"}],"curies":[{"name":"wp","href":"https:\/\/api.w.org\/{rel}","templated":true}]}}