{"id":10449,"date":"2019-10-17T20:21:09","date_gmt":"2019-10-17T20:21:09","guid":{"rendered":"https:\/\/www.spbezmiechowa.pl\/?p=10449"},"modified":"2025-06-10T20:54:47","modified_gmt":"2025-06-10T20:54:47","slug":"pasowanie-na-ucznia-i-dzien-nauczyciela","status":"publish","type":"post","link":"https:\/\/www.spbezmiechowa.pl\/?p=10449","title":{"rendered":"Pasowanie na ucznia i Dzie\u0144 Nauczyciela"},"content":{"rendered":"<p align=\"center\">15 pa\u017adziernika w naszej szkole odby\u0142a si\u0119 uroczysto\u015b\u0107 \u201ePasowania na uczni\u00f3w\u201d dzieci z klasy I. &nbsp;Zanim nast\u0105pi\u0142 ten wa\u017cny w \u017cyciu ka\u017cdego ucznia moment, dzieci z klasy I zaprezentowa\u0142y&nbsp; swoje umiej\u0119tno\u015bci w programie artystycznym.<\/p>\n<p align=\"center\">Nast\u0119pnie \u201epierwszoklasi\u015bci\u201d w obecno\u015bci wszystkich zebranych uroczy\u015bcie \u015blubowali na sztandar szko\u0142y wypowiadaj\u0105c nast\u0119puj\u0105ce s\u0142owa:<\/p>\n<p align=\"center\"><strong>\u201e\u015alubuj\u0119 uroczy\u015bcie:<br \/>\nWype\u0142nia\u0107 sumiennie obowi\u0105zki ucznia<br \/>\n\u015aLUBUJ\u0118<br \/>\nUczy\u0107 si\u0119 pilnie, by\u0107 dobrym koleg\u0105<br \/>\n\u015aLUBUJ\u0118<br \/>\nDba\u0107 o dobre imi\u0119 swojej klasy i szko\u0142y oraz domu rodzinnego<br \/>\n\u015aLUBUJ\u0118<br \/>\nPrzynosi\u0107 dum\u0119 rodzicom i nauczycielom<br \/>\n\u015aLUBUJ\u0118<br \/>\nSwoim zachowaniem i nauk\u0105 sprawia\u0107 innym rado\u015b\u0107<br \/>\n\u015aLUBUJ\u0118\u201d.<\/strong><\/p>\n<p align=\"center\">Dyrektor Szko\u0142y pani Lucyna Matuszewska dokona\u0142a ceremonii pasowania dotykaj\u0105c rami\u0119 ka\u017cdego ucznia du\u017cym o\u0142\u00f3wkiem<\/p>\n<p align=\"center\">i wypowiadaj\u0105c s\u0142owa: \u201ePasuj\u0119 Ci\u0119 na ucznia klasy pierwszej\u201d.<\/p>\n<p align=\"center\">Z okazji tej uroczysto\u015bci wychowawczyni klasy pierwszej pani Zofia Biskup wr\u0119czy\u0142a uczniom dyplomy i \u017cyczy\u0142a wszystkiego najlepszego na uczniowskiej drodze.<\/p>\n<p>Uroczysto\u015b\u0107 &#8222;Pasowania na ucznia&#8221; zbieg\u0142a si\u0119 z Dniem Edukacji Narodowej. W zwi\u0105zku z tym Samorz\u0105d Szkolny i uczniowie klas starszych pod kierunkiem pana Paw\u0142a Kr\u00f3la postanowili przygotowa\u0107 program artystyczny, przez kt\u00f3ry&nbsp;wyrazili nauczycielom swoje podzi\u0119kowanie za gor\u0105ce serce, pomocn\u0105 d\u0142o\u0144 oraz przewodnictwo na niezwykle trudnej drodze do zdobywania wiedzy.&nbsp;<\/p>\n<p><!--more--><\/p>\nngg_shortcode_0_placeholder\n<p>&nbsp; &nbsp; &nbsp;<\/p>\n","protected":false},"excerpt":{"rendered":"<p>15 pa\u017adziernika w naszej szkole odby\u0142a si\u0119 uroczysto\u015b\u0107 \u201ePasowania na uczni\u00f3w\u201d dzieci z klasy I. &nbsp;Zanim nast\u0105pi\u0142 ten wa\u017cny w \u017cyciu ka\u017cdego ucznia moment, dzieci z klasy I zaprezentowa\u0142y&nbsp; swoje umiej\u0119tno\u015bci w programie artystycznym. Nast\u0119pnie \u201epierwszoklasi\u015bci\u201d w obecno\u015bci wszystkich zebranych uroczy\u015bcie \u015blubowali na sztandar szko\u0142y wypowiadaj\u0105c nast\u0119puj\u0105ce s\u0142owa: \u201e\u015alubuj\u0119 uroczy\u015bcie: Wype\u0142nia\u0107 sumiennie obowi\u0105zki ucznia \u015aLUBUJ\u0118 [&hellip;]<\/p>\n","protected":false},"author":2,"featured_media":10450,"comment_status":"closed","ping_status":"closed","sticky":false,"template":"","format":"standard","meta":{"ngg_post_thumbnail":0,"footnotes":""},"categories":[96,4],"tags":[],"class_list":["post-10449","post","type-post","status-publish","format-standard","has-post-thumbnail","hentry","category-2019-2020","category-aktualnosci"],"_links":{"self":[{"href":"https:\/\/www.spbezmiechowa.pl\/index.php?rest_route=\/wp\/v2\/posts\/10449","targetHints":{"allow":["GET"]}}],"collection":[{"href":"https:\/\/www.spbezmiechowa.pl\/index.php?rest_route=\/wp\/v2\/posts"}],"about":[{"href":"https:\/\/www.spbezmiechowa.pl\/index.php?rest_route=\/wp\/v2\/types\/post"}],"author":[{"embeddable":true,"href":"https:\/\/www.spbezmiechowa.pl\/index.php?rest_route=\/wp\/v2\/users\/2"}],"replies":[{"embeddable":true,"href":"https:\/\/www.spbezmiechowa.pl\/index.php?rest_route=%2Fwp%2Fv2%2Fcomments&post=10449"}],"version-history":[{"count":2,"href":"https:\/\/www.spbezmiechowa.pl\/index.php?rest_route=\/wp\/v2\/posts\/10449\/revisions"}],"predecessor-version":[{"id":10472,"href":"https:\/\/www.spbezmiechowa.pl\/index.php?rest_route=\/wp\/v2\/posts\/10449\/revisions\/10472"}],"wp:featuredmedia":[{"embeddable":true,"href":"https:\/\/www.spbezmiechowa.pl\/index.php?rest_route=\/wp\/v2\/media\/10450"}],"wp:attachment":[{"href":"https:\/\/www.spbezmiechowa.pl\/index.php?rest_route=%2Fwp%2Fv2%2Fmedia&parent=10449"}],"wp:term":[{"taxonomy":"category","embeddable":true,"href":"https:\/\/www.spbezmiechowa.pl\/index.php?rest_route=%2Fwp%2Fv2%2Fcategories&post=10449"},{"taxonomy":"post_tag","embeddable":true,"href":"https:\/\/www.spbezmiechowa.pl\/index.php?rest_route=%2Fwp%2Fv2%2Ftags&post=10449"}],"curies":[{"name":"wp","href":"https:\/\/api.w.org\/{rel}","templated":true}]}}