{"id":10642,"date":"2020-05-16T13:34:32","date_gmt":"2020-05-16T13:34:32","guid":{"rendered":"https:\/\/www.spbezmiechowa.pl\/?p=10642"},"modified":"2025-06-10T20:51:52","modified_gmt":"2025-06-10T20:51:52","slug":"wznowienie-pracy-szkol-i-placowek-oswiatowych-regulacje-prawne-oraz-szczegolowe-wytyczne-sanitarne","status":"publish","type":"post","link":"https:\/\/www.spbezmiechowa.pl\/?p=10642","title":{"rendered":"Wznowienie pracy szk\u00f3\u0142 i plac\u00f3wek o\u015bwiatowych \u2013 regulacje prawne oraz szczeg\u00f3\u0142owe wytyczne sanitarne"},"content":{"rendered":"\n<p>od 18 maja br. Ministerstwo Edukacji Narodowej wznawia stopniowo prac\u0119 szk\u00f3\u0142 i plac\u00f3wek o\u015bwiatowych. W za\u0142\u0105czeniu przekazuj\u0119 regulacje prawne w tym zakresie oraz szczeg\u00f3\u0142owe wytyczne sanitarne, kt\u00f3re pomog\u0105 Pa\u0144stwu w bezpieczny spos\u00f3b zorganizowa\u0107 prac\u0119 plac\u00f3wki.<\/p>\n\n\n\n<p>Kalendarz najwa\u017cniejszych zmian w systemie o\u015bwiaty wygl\u0105da nast\u0119puj\u0105co:<\/p>\n\n\n\n<p><strong>od 18 maja br.:<\/strong><\/p>\n\n\n\n<ul class=\"wp-block-list\"><li>mo\u017cliwo\u015b\u0107 prowadzenia wybranych zaj\u0119\u0107 praktycznych w szko\u0142ach policealnych i dla klas III bran\u017cowych szk\u00f3\u0142 I stopnia;<\/li><li>wznowienie pracy schronisk m\u0142odzie\u017cowych i mi\u0119dzyszkolnych o\u015brodk\u00f3w sportowych, m\u0142odzie\u017cowych dom\u00f3w kultury, ognisk pracy pozaszkolnej, pa\u0142ac\u00f3w kultury oraz innych plac\u00f3wek tego typu;<\/li><li>mo\u017cliwo\u015b\u0107 prowadzenia bezpo\u015brednich zaj\u0119\u0107 specjalistycznych, w tym rewalidacyjno-wychowawczych, rewalidacyjnych i wczesnego wspomagania rozwoju.<\/li><\/ul>\n\n\n\n<p><strong>Od 25 maja br.:<\/strong><\/p>\n\n\n\n<ul class=\"wp-block-list\"><li>mo\u017cliwo\u015b\u0107 wznowienia zaj\u0119\u0107 opieku\u0144czo-wychowawczych dla uczni\u00f3w klas I-III szk\u00f3\u0142 podstawowych z mo\u017cliwo\u015bci\u0105 zaj\u0119\u0107 dydaktycznych;<\/li><li>organizacja konsultacji na terenie szko\u0142y dla uczni\u00f3w klas VIII szk\u00f3\u0142 podstawowych, w tym szk\u00f3\u0142 specjalnych;<\/li><li>organizacja konsultacji dla absolwent\u00f3w, w tym m\u0142odzie\u017cy ze szk\u00f3\u0142 specjalnych, kt\u00f3ra w tym roku przyst\u0105pi do egzaminu maturalnego;<\/li><li>mo\u017cliwo\u015b\u0107 realizacji sta\u017cy uczniowskich i praktyk zawodowych przez uczni\u00f3w klas 3 szko\u0142y bran\u017cowej i technikum.<\/li><\/ul>\n\n\n\n<p><strong>Od 1 czerwca br.:<\/strong><\/p>\n\n\n\n<ul class=\"wp-block-list\"><li>organizacja konsultacji dla uczni\u00f3w wszystkich klas ze szk\u00f3\u0142 dla dzieci i m\u0142odzie\u017cy.<\/li><\/ul>\n\n\n\n<p><strong>Prosz\u0119 o zapoznanie si\u0119 z tymi materia\u0142ami oraz przekazanie ich pracownikom Pa\u0144stwa plac\u00f3wki, a tak\u017ce udost\u0119pnienie tej informacji rodzicom i uczniom.<\/strong><\/p>\n\n\n\n<p>Zach\u0119cam r\u00f3wnie\u017c do bie\u017c\u0105cego \u015bledzenia komunikat\u00f3w na stronie MEN, GIS oraz MZ.<\/p>\n\n\n\n<p>Wkr\u00f3tce otrzymaj\u0105 Pa\u0144stwo szczeg\u00f3\u0142owe wytyczne dotycz\u0105ce organizacji egzamin\u00f3w zewn\u0119trznych i rozporz\u0105dzenia reguluj\u0105ce te kwestie.<\/p>\n\n\n\n<p><em>Z wyrazami szacunku<\/em><\/p>\n\n\n\n<p><em>Dariusz Piontkowski<\/em><\/p>\n\n\n\n<p><em>Minister Edukacji Narodowej\u00a0<\/em><\/p>\n\n\n\n<p><\/p>\n\n\n<p>Za\u0142\u0105czniki:<\/p>\n<p>1.&nbsp;&nbsp;&nbsp;&nbsp;&nbsp;&nbsp;<a href=\"https:\/\/dokumenty.men.gov.pl\/Nowelizacja_rozporzadzenia_MEN_30b.pdf\" target=\"_blank\" rel=\"noopener noreferrer\" data-saferedirecturl=\"https:\/\/www.google.com\/url?q=https:\/\/dokumenty.men.gov.pl\/Nowelizacja_rozporzadzenia_MEN_30b.pdf&amp;source=gmail&amp;ust=1590228850368000&amp;usg=AFQjCNGrO1sA6x1ZS_B5R36l_Cap20v0xQ\">Nowelizacja rozporz\u0105dzenia MEN 30b<\/a><\/p>\n<p>2.&nbsp;&nbsp;&nbsp;&nbsp;&nbsp;&nbsp;<a href=\"https:\/\/dokumenty.men.gov.pl\/Uzasadnienie_nowelizacji_rozporzadzenia_MEN_30b.pdf\" target=\"_blank\" rel=\"noopener noreferrer\" data-saferedirecturl=\"https:\/\/www.google.com\/url?q=https:\/\/dokumenty.men.gov.pl\/Uzasadnienie_nowelizacji_rozporzadzenia_MEN_30b.pdf&amp;source=gmail&amp;ust=1590228850368000&amp;usg=AFQjCNEzH9FYZydkp7SKeo94iDF1UJIZzw\">Uzasadnienie nowelizacji rozporz\u0105dzenia MEN 30b<\/a><\/p>\n<p>3.&nbsp;&nbsp;&nbsp;&nbsp;&nbsp;&nbsp;<a href=\"https:\/\/dokumenty.men.gov.pl\/Nowelizacja_rozporzadzenia_MEN_30c.pdf\" target=\"_blank\" rel=\"noopener noreferrer\" data-saferedirecturl=\"https:\/\/www.google.com\/url?q=https:\/\/dokumenty.men.gov.pl\/Nowelizacja_rozporzadzenia_MEN_30c.pdf&amp;source=gmail&amp;ust=1590228850369000&amp;usg=AFQjCNH2aHgf_9UhgDrYxdUkaCnTzKDceg\">Nowelizacja rozporz\u0105dzenia MEN 30c<\/a><\/p>\n<p>4.&nbsp;&nbsp;&nbsp;&nbsp;&nbsp;&nbsp;<a href=\"https:\/\/dokumenty.men.gov.pl\/Uzasadnienie_nowelizacji_rozporzadzenia_MEN_30c.pdf\" target=\"_blank\" rel=\"noopener noreferrer\" data-saferedirecturl=\"https:\/\/www.google.com\/url?q=https:\/\/dokumenty.men.gov.pl\/Uzasadnienie_nowelizacji_rozporzadzenia_MEN_30c.pdf&amp;source=gmail&amp;ust=1590228850369000&amp;usg=AFQjCNGjJPu4aura2rHhYv0pBcovX5D7vg\">Uzasadnienie nowelizacji rozporz\u0105dzenia MEN 30c<\/a><\/p>\n<p>5.&nbsp;&nbsp;&nbsp;&nbsp;&nbsp;&nbsp;<a href=\"https:\/\/dokumenty.men.gov.pl\/Wytyczne_GIS_MZ_i_MEN_dla_szkol_podstawowych_%E2%80%93_edukacja_wczesnoszkolna.docx\" target=\"_blank\" rel=\"noopener noreferrer\" data-saferedirecturl=\"https:\/\/www.google.com\/url?q=https:\/\/dokumenty.men.gov.pl\/Wytyczne_GIS_MZ_i_MEN_dla_szkol_podstawowych_%E2%80%93_edukacja_wczesnoszkolna.docx&amp;source=gmail&amp;ust=1590228850369000&amp;usg=AFQjCNFVvaWEjAEqDOjB59Kzq6gAODg95Q\">Wytyczne GIS, MZ i MEN dla szk\u00f3\u0142 podstawowych \u2013 edukacja wczesnoszkolna \u2013 plik w wersji word<\/a><\/p>\n<p>6.&nbsp;&nbsp;&nbsp;&nbsp;&nbsp;&nbsp;<a href=\"https:\/\/dokumenty.men.gov.pl\/Wytyczne_GIS_MZ_i_MEN_dla_szkol_podstawowych_%E2%80%93_edukacja_wczesnoszkolna.pdf\" target=\"_blank\" rel=\"noopener noreferrer\" data-saferedirecturl=\"https:\/\/www.google.com\/url?q=https:\/\/dokumenty.men.gov.pl\/Wytyczne_GIS_MZ_i_MEN_dla_szkol_podstawowych_%E2%80%93_edukacja_wczesnoszkolna.pdf&amp;source=gmail&amp;ust=1590228850369000&amp;usg=AFQjCNEHWRS7QtjfInHet4i07aPx9Xttew\">Wytyczne GIS, MZ i MEN dla szk\u00f3\u0142 podstawowych \u2013 edukacja wczesnoszkolna \u2013 plik w wersji pdf<\/a><\/p>\n<p>7.&nbsp;&nbsp;&nbsp;&nbsp;&nbsp;&nbsp;<a href=\"https:\/\/dokumenty.men.gov.pl\/Konsultacje_w_szkole_%E2%80%93_wytyczne_GIS_MZ_i_MEN_dla_szkol.docx\" target=\"_blank\" rel=\"noopener noreferrer\" data-saferedirecturl=\"https:\/\/www.google.com\/url?q=https:\/\/dokumenty.men.gov.pl\/Konsultacje_w_szkole_%E2%80%93_wytyczne_GIS_MZ_i_MEN_dla_szkol.docx&amp;source=gmail&amp;ust=1590228850369000&amp;usg=AFQjCNGc9iWqXl5DhOg50d97Pe3hDTEUAw\">Konsultacje w szkole \u2013 wytyczne GIS, MZ i MEN dla szk\u00f3\u0142 \u2013 plik w wersji word<\/a><\/p>\n<p>8.&nbsp;&nbsp;&nbsp;&nbsp;&nbsp;&nbsp;<a href=\"https:\/\/dokumenty.men.gov.pl\/Konsultacje_w_szkole_%E2%80%93_wytyczne_GIS_MZ_i_MEN_dla_szkol.pdf\" target=\"_blank\" rel=\"noopener noreferrer\" data-saferedirecturl=\"https:\/\/www.google.com\/url?q=https:\/\/dokumenty.men.gov.pl\/Konsultacje_w_szkole_%E2%80%93_wytyczne_GIS_MZ_i_MEN_dla_szkol.pdf&amp;source=gmail&amp;ust=1590228850369000&amp;usg=AFQjCNGqltW132hKOxDBlmL0j6k5PO081g\">Konsultacje w szkole \u2013 wytyczne GIS, MZ i MEN dla szk\u00f3\u0142 \u2013 plik w wersji pdf<\/a><\/p>\n<p>9.&nbsp;&nbsp;&nbsp;&nbsp;&nbsp;&nbsp;<a href=\"https:\/\/dokumenty.men.gov.pl\/Rewalidacja_w_szkole_%E2%80%93_wytyczne_GIS_MZ_i_MEN_dla_szkol.docx\" target=\"_blank\" rel=\"noopener noreferrer\" data-saferedirecturl=\"https:\/\/www.google.com\/url?q=https:\/\/dokumenty.men.gov.pl\/Rewalidacja_w_szkole_%E2%80%93_wytyczne_GIS_MZ_i_MEN_dla_szkol.docx&amp;source=gmail&amp;ust=1590228850369000&amp;usg=AFQjCNF5bqot6ae8FyIlFuxf5io8i4IWIg\">Rewalidacja w szkole \u2013 wytyczne GIS, MZ i MEN dla szk\u00f3\u0142 \u2013 plik w wersji word<\/a><\/p>\n<p>10.&nbsp;&nbsp;&nbsp;<a href=\"https:\/\/dokumenty.men.gov.pl\/Rewalidacja_w_szkole_%E2%80%93_wytyczne_GIS_MZ_i_MEN_dla_szkol.pdf\" target=\"_blank\" rel=\"noopener noreferrer\" data-saferedirecturl=\"https:\/\/www.google.com\/url?q=https:\/\/dokumenty.men.gov.pl\/Rewalidacja_w_szkole_%E2%80%93_wytyczne_GIS_MZ_i_MEN_dla_szkol.pdf&amp;source=gmail&amp;ust=1590228850369000&amp;usg=AFQjCNEe_fs9zG9zOT8d_ULWlTmaZXoKZg\">Rewalidacja w szkole \u2013 wytyczne GIS, MZ i MEN dla szk\u00f3\u0142 \u2013 plik w wersji pdf<\/a><\/p>","protected":false},"excerpt":{"rendered":"<p>od 18 maja br. Ministerstwo Edukacji Narodowej wznawia stopniowo prac\u0119 szk\u00f3\u0142 i plac\u00f3wek o\u015bwiatowych. W za\u0142\u0105czeniu przekazuj\u0119 regulacje prawne w tym zakresie oraz szczeg\u00f3\u0142owe wytyczne sanitarne, kt\u00f3re pomog\u0105 Pa\u0144stwu w bezpieczny spos\u00f3b zorganizowa\u0107 prac\u0119 plac\u00f3wki. Kalendarz najwa\u017cniejszych zmian w systemie o\u015bwiaty wygl\u0105da nast\u0119puj\u0105co: od 18 maja br.: mo\u017cliwo\u015b\u0107 prowadzenia wybranych zaj\u0119\u0107 praktycznych w szko\u0142ach policealnych [&hellip;]<\/p>\n","protected":false},"author":2,"featured_media":10644,"comment_status":"closed","ping_status":"closed","sticky":false,"template":"","format":"standard","meta":{"ngg_post_thumbnail":0,"footnotes":""},"categories":[96,4],"tags":[],"class_list":["post-10642","post","type-post","status-publish","format-standard","has-post-thumbnail","hentry","category-2019-2020","category-aktualnosci"],"_links":{"self":[{"href":"https:\/\/www.spbezmiechowa.pl\/index.php?rest_route=\/wp\/v2\/posts\/10642","targetHints":{"allow":["GET"]}}],"collection":[{"href":"https:\/\/www.spbezmiechowa.pl\/index.php?rest_route=\/wp\/v2\/posts"}],"about":[{"href":"https:\/\/www.spbezmiechowa.pl\/index.php?rest_route=\/wp\/v2\/types\/post"}],"author":[{"embeddable":true,"href":"https:\/\/www.spbezmiechowa.pl\/index.php?rest_route=\/wp\/v2\/users\/2"}],"replies":[{"embeddable":true,"href":"https:\/\/www.spbezmiechowa.pl\/index.php?rest_route=%2Fwp%2Fv2%2Fcomments&post=10642"}],"version-history":[{"count":4,"href":"https:\/\/www.spbezmiechowa.pl\/index.php?rest_route=\/wp\/v2\/posts\/10642\/revisions"}],"predecessor-version":[{"id":10653,"href":"https:\/\/www.spbezmiechowa.pl\/index.php?rest_route=\/wp\/v2\/posts\/10642\/revisions\/10653"}],"wp:featuredmedia":[{"embeddable":true,"href":"https:\/\/www.spbezmiechowa.pl\/index.php?rest_route=\/wp\/v2\/media\/10644"}],"wp:attachment":[{"href":"https:\/\/www.spbezmiechowa.pl\/index.php?rest_route=%2Fwp%2Fv2%2Fmedia&parent=10642"}],"wp:term":[{"taxonomy":"category","embeddable":true,"href":"https:\/\/www.spbezmiechowa.pl\/index.php?rest_route=%2Fwp%2Fv2%2Fcategories&post=10642"},{"taxonomy":"post_tag","embeddable":true,"href":"https:\/\/www.spbezmiechowa.pl\/index.php?rest_route=%2Fwp%2Fv2%2Ftags&post=10642"}],"curies":[{"name":"wp","href":"https:\/\/api.w.org\/{rel}","templated":true}]}}