{"id":12981,"date":"2022-05-31T19:24:00","date_gmt":"2022-05-31T19:24:00","guid":{"rendered":"https:\/\/www.spbezmiechowa.pl\/?p=12981"},"modified":"2025-06-10T20:42:31","modified_gmt":"2025-06-10T20:42:31","slug":"dzien-matki-3","status":"publish","type":"post","link":"https:\/\/www.spbezmiechowa.pl\/?p=12981","title":{"rendered":"Dzie\u0144 Matki"},"content":{"rendered":"<p style=\"text-align: right;\"><em>\u201eCho\u0107 serduszko jeszcze ma\u0142e,<\/em><br \/>\n<em>Tobie chc\u0119 je odda\u0107 ca\u0142e.<\/em><br \/>\n<em>Aby\u015b zawsze pami\u0119ta\u0142a<\/em><br \/>\n<em>w nim podzi\u0119k\u0119 zawsze mia\u0142a.<\/em><br \/>\n<em>Za to wszystko co zrobi\u0142a\u015b,<\/em><br \/>\n<em>za to, \u017ce mnie urodzi\u0142a\u015b,<\/em><br \/>\n<em>zawsze by\u0142a\u015b mi ostoj\u0105<\/em><br \/>\n<em>i \u017ce jeste\u015b mam\u0105 moj\u0105.<\/em><br \/>\n<em>\u015al\u0119 \u017cyczenia oraz kwiatki<\/em><br \/>\n<em>No i mi\u0142o\u015b\u0107 w ten Dzie\u0144 Matki\u201d<\/em><\/p>\n<p>&nbsp;<\/p>\n<p>Dzie\u0144 Matki to szczeg\u00f3lne \u015bwi\u0119to. W tym dniu wszyscy chcemy podzi\u0119kowa\u0107 swoim Mamom za trud, jaki wk\u0142adaj\u0105 &nbsp;w nasze wychowanie.<\/p>\n<p>We wtorek, 31.05. w naszej szkole dzieci klas 1-3 przygotowa\u0142y wyst\u0119p z okazji Dnia Matki. Zazwyczaj w tym dniu odbywa si\u0119 uroczysta akademia, s\u0105 zapraszani go\u015bcie, &nbsp;jednak w tym roku sta\u0142o si\u0119 &nbsp;inaczej. Dzieci wraz z wychowawcami przygotowali filmik &#8211; &nbsp;niespodziank\u0119, aby w ten spos\u00f3b&nbsp; z\u0142o\u017cy\u0107 najlepsze \u017cyczenia swoim Mamom.<\/p>\n<p>Jako pierwsze zaprezentowa\u0142y si\u0119 dzieci z klas 2 i 3 ta\u0144cz\u0105c do piosenki \u201eDespacito\u201d. Nast\u0119pnie pod czujnym okiem pani Zosi ka\u017cde dziecko wyrecytowa\u0142o wierszyk dla swojej Mamy. &nbsp;Klasa 1, cho\u0107 troszeczk\u0119&nbsp; stremowana r\u00f3wnie\u017c&nbsp; wspaniale poradzi\u0142a sobie z recytacj\u0105&nbsp; wierszyk\u00f3w. Odwagi dodawa\u0142 pierwszakom pan Janusz. Na koniec wszyscy wsp\u00f3lnie za\u015bpiewali piosenk\u0119&nbsp; \u015bl\u0105c Mamom najlepsze \u017cyczenia:<\/p>\n<p>&nbsp;&nbsp;&nbsp;&nbsp;&nbsp;&nbsp;&nbsp;&nbsp;&nbsp;&nbsp;&nbsp;&nbsp;&nbsp;&nbsp;&nbsp;&nbsp;&nbsp; \u201eJeste\u015b dla mnie najpi\u0119kniejsza,<\/p>\n<p>&nbsp;&nbsp;&nbsp;&nbsp;&nbsp;&nbsp;&nbsp;&nbsp;&nbsp;&nbsp;&nbsp;&nbsp;&nbsp;&nbsp;&nbsp;&nbsp;&nbsp;&nbsp;&nbsp; jak syrena lub kr\u00f3lowa,<\/p>\n<p>&nbsp;&nbsp;&nbsp;&nbsp;&nbsp;&nbsp;&nbsp;&nbsp;&nbsp;&nbsp;&nbsp;&nbsp;&nbsp;&nbsp;&nbsp;&nbsp;&nbsp;&nbsp; chc\u0119 o Tobie pisa\u0107 wiersze,<\/p>\n<p>&nbsp;&nbsp;&nbsp;&nbsp;&nbsp;&nbsp;&nbsp;&nbsp;&nbsp;&nbsp;&nbsp;&nbsp;&nbsp;&nbsp;&nbsp; &nbsp;&nbsp;\u017cycz\u0119 Ci by\u015b by\u0142a zdrowa\u2026\u201d&nbsp;<\/p>\n<p>Wszystkim Mamom \u017cyczymy wytrwa\u0142o\u015bci, pociechy z dzieci i przede wszystkim zdrowia!<\/p>\n<p style=\"text-align: right;\">Tekst i zdj\u0119cia:<br \/>\nAgnieszka Wa\u0144ca<\/p>\n<p><!--more--><\/p>\nngg_shortcode_0_placeholder\n","protected":false},"excerpt":{"rendered":"<p>\u201eCho\u0107 serduszko jeszcze ma\u0142e, Tobie chc\u0119 je odda\u0107 ca\u0142e. Aby\u015b zawsze pami\u0119ta\u0142a w nim podzi\u0119k\u0119 zawsze mia\u0142a. Za to wszystko co zrobi\u0142a\u015b, za to, \u017ce mnie urodzi\u0142a\u015b, zawsze by\u0142a\u015b mi ostoj\u0105 i \u017ce jeste\u015b mam\u0105 moj\u0105. \u015al\u0119 \u017cyczenia oraz kwiatki No i mi\u0142o\u015b\u0107 w ten Dzie\u0144 Matki\u201d &nbsp; Dzie\u0144 Matki to szczeg\u00f3lne \u015bwi\u0119to. W tym [&hellip;]<\/p>\n","protected":false},"author":2,"featured_media":12982,"comment_status":"closed","ping_status":"closed","sticky":false,"template":"","format":"standard","meta":{"ngg_post_thumbnail":0,"footnotes":""},"categories":[93,4],"tags":[],"class_list":["post-12981","post","type-post","status-publish","format-standard","has-post-thumbnail","hentry","category-2021-2022","category-aktualnosci"],"_links":{"self":[{"href":"https:\/\/www.spbezmiechowa.pl\/index.php?rest_route=\/wp\/v2\/posts\/12981","targetHints":{"allow":["GET"]}}],"collection":[{"href":"https:\/\/www.spbezmiechowa.pl\/index.php?rest_route=\/wp\/v2\/posts"}],"about":[{"href":"https:\/\/www.spbezmiechowa.pl\/index.php?rest_route=\/wp\/v2\/types\/post"}],"author":[{"embeddable":true,"href":"https:\/\/www.spbezmiechowa.pl\/index.php?rest_route=\/wp\/v2\/users\/2"}],"replies":[{"embeddable":true,"href":"https:\/\/www.spbezmiechowa.pl\/index.php?rest_route=%2Fwp%2Fv2%2Fcomments&post=12981"}],"version-history":[{"count":2,"href":"https:\/\/www.spbezmiechowa.pl\/index.php?rest_route=\/wp\/v2\/posts\/12981\/revisions"}],"predecessor-version":[{"id":12984,"href":"https:\/\/www.spbezmiechowa.pl\/index.php?rest_route=\/wp\/v2\/posts\/12981\/revisions\/12984"}],"wp:featuredmedia":[{"embeddable":true,"href":"https:\/\/www.spbezmiechowa.pl\/index.php?rest_route=\/wp\/v2\/media\/12982"}],"wp:attachment":[{"href":"https:\/\/www.spbezmiechowa.pl\/index.php?rest_route=%2Fwp%2Fv2%2Fmedia&parent=12981"}],"wp:term":[{"taxonomy":"category","embeddable":true,"href":"https:\/\/www.spbezmiechowa.pl\/index.php?rest_route=%2Fwp%2Fv2%2Fcategories&post=12981"},{"taxonomy":"post_tag","embeddable":true,"href":"https:\/\/www.spbezmiechowa.pl\/index.php?rest_route=%2Fwp%2Fv2%2Ftags&post=12981"}],"curies":[{"name":"wp","href":"https:\/\/api.w.org\/{rel}","templated":true}]}}