{"id":13015,"date":"2022-06-27T17:55:00","date_gmt":"2022-06-27T17:55:00","guid":{"rendered":"https:\/\/www.spbezmiechowa.pl\/?p=13015"},"modified":"2025-06-10T20:42:16","modified_gmt":"2025-06-10T20:42:16","slug":"zakonczenie-roku-szkolnego-2021-2022","status":"publish","type":"post","link":"https:\/\/www.spbezmiechowa.pl\/?p=13015","title":{"rendered":"Zako\u0144czenie roku szkolnego 2021\/2022"},"content":{"rendered":"<p>&nbsp;<\/p>\n<p>Co\u015b si\u0119 ko\u0144czy, co\u015b zaczyna\u2026<\/p>\n<p style=\"text-align: left;\">24 czerwca 2022 by\u0142 wyj\u0105tkowym dniem dla wielu os\u00f3b z naszej szkolnej rodziny. By\u0142 to dzie\u0144 podnios\u0142y, gdy\u017c wr\u0119czono naszym uczniom wiele nagr\u00f3d, a rodzicom list\u00f3w gratulacyjnych. Ale by\u0142 to te\u017c dzie\u0144 smutny, gdy\u017c \u017cegnali\u015bmy nie tylko jak co roku \u00f3smoklasist\u00f3w, ale i nasz\u0105 drog\u0105 Pani\u0105 Dyrektor Lucyn\u0119 Matuszewsk\u0105, oraz ukochan\u0105 przez najm\u0142odszych uczni\u00f3w Pani\u0105 Zofi\u0119 Biskup, kt\u00f3re przesz\u0142y na emerytur\u0119.<\/p>\n<p>Pani Dyrektor, kt\u00f3ra pe\u0142ni\u0142a swoj\u0105 funkcj\u0119 od 1991 roku, w pe\u0142nej emocji przemowie, po\u017cegna\u0142a si\u0119 ze swoimi podopiecznymi oraz pracownikami, jednocze\u015bnie obiecuj\u0105c, \u017ce nie opuszcza mur\u00f3w szko\u0142y i nadal b\u0119dzie w niej uczy\u0107.<\/p>\n<p>Uroczysto\u015b\u0107 zako\u0144czenia roku szkolnego zaszczyci\u0142 r\u00f3wnie\u017c swoj\u0105 obecno\u015bci\u0105 pan Burmistrz Miasta i Gminy Lesko Adam Snarski, oraz Dyrektor Leskiego Centrum Edukacji i Sportu pan Tomasz Wojtanowski. Obaj panowie podzi\u0119kowali Pani Lucynie Matuszewskiej za jej wieloletni\u0105 ci\u0119\u017ck\u0105 prac\u0119 i zas\u0142ugi dla szko\u0142y.<\/p>\n<p>Po tej cz\u0119\u015bci spotkania przyszed\u0142 czas na to, na co wszyscy uczniowie tak bardzo czekali, czyli na wr\u0119czenie nagr\u00f3d dla najlepszych uczni\u00f3w i uczennic naszej szko\u0142y, oraz list\u00f3w gratulacyjnych dla ich rodzic\u00f3w. Wszyscy jeste\u015bmy dumni z ich sukces\u00f3w!<\/p>\n<p>Nie zabrak\u0142o oczywi\u015bcie artystycznych akcent\u00f3w podczas tej uroczysto\u015bci. Najpierw klasy \u00f3sme zosta\u0142y po\u017cegnane przez swoje kole\u017canki i koleg\u00f3w z klas m\u0142odszych. Uczennice z klasy si\u00f3dmej i czwartej recytowa\u0142y napisane przez siebie fraszki o obecnych absolwentach naszej szko\u0142y. Ponadto za\u015bpiewa\u0142y i zagra\u0142y dwie piosenki \u2013 \u201eDni, kt\u00f3rych nie znamy\u201d z repertuaru Marka Grechuty, oraz \u201eId\u017a\u201d z repertuaru piosenkarki m\u0142odego pokolenia Sanah. Ch\u00f3rowi uczni\u00f3w akompaniowa\u0142y muzycznie uzdolnione uczennice Natalia Wa\u0144ca (alt\u00f3wka), Maja Szramowiat (fortepian), oraz nauczyciel naszej szko\u0142y pan Pawe\u0142 Kr\u00f3l (gitara akustyczna). Wykonaniem swoim poruszyli oni serca s\u0142uchaczy i s\u0142uchaczek, kt\u00f3re nie kry\u0142y \u0142ez wzruszenia.<\/p>\n<p>Ale to nie by\u0142 koniec uroczysto\u015bci. Nie zabrak\u0142o te\u017c wyst\u0119pu \u00f3smoklasist\u00f3w, kt\u00f3rzy po\u017cegnali si\u0119 ze swoimi nauczycielami w oryginalny spos\u00f3b. Dostarczyli wszystkim wyj\u0105tkowej rozrywki odgrywaj\u0105c inscenizacj\u0119 popularnego programu \u201eSzansa na sukces\u201d. W lekkiej i przyjaznej formie uda\u0142o si\u0119 im zaanga\u017cowa\u0107 wszystkich nauczycieli do wsp\u00f3lnego \u015bpiewania ich ulubionych piosenek.<\/p>\n<p>To by\u0142 niezapomniany prezent po\u017cegnalny. Wszyscy d\u0142ugo b\u0119d\u0105 wspomina\u0107 zako\u0144czenie roku szkolnego 2021\/2022.<\/p>\n<p style=\"text-align: right;\">Tekst: Monika Czech<br \/>\nZdj\u0119cia: Dawid Lipka<\/p>\n<p><!--more--><\/p>\nngg_shortcode_0_placeholder\n","protected":false},"excerpt":{"rendered":"<p>&nbsp; Co\u015b si\u0119 ko\u0144czy, co\u015b zaczyna\u2026 24 czerwca 2022 by\u0142 wyj\u0105tkowym dniem dla wielu os\u00f3b z naszej szkolnej rodziny. By\u0142 to dzie\u0144 podnios\u0142y, gdy\u017c wr\u0119czono naszym uczniom wiele nagr\u00f3d, a rodzicom list\u00f3w gratulacyjnych. Ale by\u0142 to te\u017c dzie\u0144 smutny, gdy\u017c \u017cegnali\u015bmy nie tylko jak co roku \u00f3smoklasist\u00f3w, ale i nasz\u0105 drog\u0105 Pani\u0105 Dyrektor Lucyn\u0119 Matuszewsk\u0105, [&hellip;]<\/p>\n","protected":false},"author":2,"featured_media":13016,"comment_status":"closed","ping_status":"closed","sticky":false,"template":"","format":"standard","meta":{"ngg_post_thumbnail":0,"footnotes":""},"categories":[93,4],"tags":[],"class_list":["post-13015","post","type-post","status-publish","format-standard","has-post-thumbnail","hentry","category-2021-2022","category-aktualnosci"],"_links":{"self":[{"href":"https:\/\/www.spbezmiechowa.pl\/index.php?rest_route=\/wp\/v2\/posts\/13015","targetHints":{"allow":["GET"]}}],"collection":[{"href":"https:\/\/www.spbezmiechowa.pl\/index.php?rest_route=\/wp\/v2\/posts"}],"about":[{"href":"https:\/\/www.spbezmiechowa.pl\/index.php?rest_route=\/wp\/v2\/types\/post"}],"author":[{"embeddable":true,"href":"https:\/\/www.spbezmiechowa.pl\/index.php?rest_route=\/wp\/v2\/users\/2"}],"replies":[{"embeddable":true,"href":"https:\/\/www.spbezmiechowa.pl\/index.php?rest_route=%2Fwp%2Fv2%2Fcomments&post=13015"}],"version-history":[{"count":5,"href":"https:\/\/www.spbezmiechowa.pl\/index.php?rest_route=\/wp\/v2\/posts\/13015\/revisions"}],"predecessor-version":[{"id":13042,"href":"https:\/\/www.spbezmiechowa.pl\/index.php?rest_route=\/wp\/v2\/posts\/13015\/revisions\/13042"}],"wp:featuredmedia":[{"embeddable":true,"href":"https:\/\/www.spbezmiechowa.pl\/index.php?rest_route=\/wp\/v2\/media\/13016"}],"wp:attachment":[{"href":"https:\/\/www.spbezmiechowa.pl\/index.php?rest_route=%2Fwp%2Fv2%2Fmedia&parent=13015"}],"wp:term":[{"taxonomy":"category","embeddable":true,"href":"https:\/\/www.spbezmiechowa.pl\/index.php?rest_route=%2Fwp%2Fv2%2Fcategories&post=13015"},{"taxonomy":"post_tag","embeddable":true,"href":"https:\/\/www.spbezmiechowa.pl\/index.php?rest_route=%2Fwp%2Fv2%2Ftags&post=13015"}],"curies":[{"name":"wp","href":"https:\/\/api.w.org\/{rel}","templated":true}]}}