{"id":13070,"date":"2022-09-02T19:16:00","date_gmt":"2022-09-02T19:16:00","guid":{"rendered":"https:\/\/www.spbezmiechowa.pl\/?p=13070"},"modified":"2025-06-10T20:42:01","modified_gmt":"2025-06-10T20:42:01","slug":"uroczystosc-rozpoczecia-roku-szkolnego-2022-2023","status":"publish","type":"post","link":"https:\/\/www.spbezmiechowa.pl\/?p=13070","title":{"rendered":"Uroczysto\u015b\u0107 rozpocz\u0119cia roku szkolnego 2022\/2023"},"content":{"rendered":"<p style=\"text-align: right;\"><em>&#8222;By\u0142 koniec sierpnia. Nocami huka\u0142y sowy, <br>a nietoperze kr\u0105\u017cy\u0142y bezszelestnie nad domem. <br>Las pe\u0142en by\u0142 szumu, morze &#8211; niepokoju. <br>W powietrzu by\u0142o oczekiwanie i smutek, a ksi\u0119\u017cyc wschodzi\u0142 wielki i z\u0142oty. <br>Muminek zawsze najbardziej lubi\u0142 ostatnie tygodnie lata, <br>ale nigdy dok\u0142adnie nie wiedzia\u0142 dlaczego. <br>Szum wiatru i morza by\u0142 inny ni\u017c zwykle, czu\u0142o si\u0119 w powietrzu odmian\u0119, <br>drzewa sta\u0142y, jakby na co\u015b czekaj\u0105c.&#8221;<\/em><\/p>\n<p style=\"text-align: right;\">(Tove Jansson, &#8222;W Dolinie Mumink\u00f3w&#8221;)<\/p>\n<p>&nbsp;<\/p>\n<p>\u2026 by\u0107 mo\u017ce czeka\u0142y na dzieci id\u0105ce do szko\u0142y 1 wrze\u015bnia, by powita\u0107 nowy rok szkolny?<\/p>\n<p>W\u0142a\u015bnie tego dnia, zebrali\u015bmy si\u0119 wszyscy w Szkole Podstawowej im. Szybownik\u00f3w Polskich w Bezmiechowej Dolnej, by uczci\u0107 rozpocz\u0119cie kolejnego roku szkolnego piosenk\u0105 i wierszem.<\/p>\n<p>Nie by\u0142 to jednak&nbsp; taki sam pocz\u0105tek jak za poprzednich lat. Co\u015b si\u0119 zmieni\u0142o. Na stanowisku dyrektora szko\u0142y zobaczyli\u015bmy now\u0105 osob\u0119. Bardzo mi\u0142o by\u0142o wszystkim pozna\u0107 i powita\u0107 Pani\u0105 Dyrektor Agat\u0119 W\u00f3jcick\u0105, kt\u00f3ra od&nbsp; 1 wrze\u015bnia 2022 pe\u0142ni t\u0119 zaszczytn\u0105 funkcj\u0119.<\/p>\n<p>Pani dyrektor Agata W\u00f3jcicka pochodzi z Leska. Ma m\u0119\u017ca i dw\u00f3ch doros\u0142ych syn\u00f3w. Jest nauczycielem dyplomowanym. Po studiach podj\u0119\u0142a prac\u0119&nbsp; w SP w Manastercu,&nbsp; gdzie pracowa\u0142a&nbsp; przez&nbsp; 29 lat&nbsp; jako nauczyciel edukacji wczesnoszkolnej. Opr\u00f3cz zaj\u0119\u0107 w klasach I-III prowadzi\u0142a r\u00f3wnie\u017c zaj\u0119cia&nbsp; z terapii pedagogicznej, rewalidacji i doradztwa zawodowego. Chc\u0105c rozwija\u0107 zainteresowania dzieci prowadzi\u0142a z nimi tak\u017ce zaj\u0119cia kulinarne. W ramach obowi\u0105zk\u00f3w s\u0142u\u017cbowych pe\u0142ni\u0142a tak\u017ce funkcj\u0119 zast\u0119pcy dyrektora w SP w Manastercu.<\/p>\n<p>Tegoroczn\u0105 akademi\u0119 przygotowa\u0142y uczennice klasy pi\u0105tej pod opiek\u0105 pani Moniki Czech. W ciep\u0142ych s\u0142owach powita\u0142y one przede wszystkim pierwszoklasistki i pierwszoklasist\u00f3w rozpoczynaj\u0105cych nowy etap swojej edukacji. Starszym uczniom natomiast, uczennice doda\u0142y otuchy od\u015bpiewuj\u0105c popularn\u0105 piosenk\u0119 kabaretu OTTO pt. \u201eWakacje\u201d, kt\u00f3rej refren przypomina, \u017ce czas szybko minie i \u201ezn\u00f3w b\u0119d\u0105 wakacje\u201d.<\/p>\n<p>Nie mo\u017cna by\u0142o te\u017c zapomnie\u0107, \u017ce data 1 wrze\u015bnia to te\u017c tragiczna rocznica wybuchu II Wojny \u015awiatowej. Uczennice przypomnia\u0142y, \u017ce w ci\u0119\u017ckich czasach wojennych polska m\u0142odzie\u017c nie przerwa\u0142a nauki, chocia\u017c grozi\u0142a im za to kara \u015bmierci. O tym jak wygl\u0105da\u0142a nauka w Polsce po 1 wrze\u015bnia 1939 roku uczniowie mogli dowiedzie\u0107 si\u0119 z projekcji kr\u00f3tkiego filmu, w kt\u00f3rym starsze osoby opowiada\u0142y o swoich prze\u017cyciach jako dzieci.<\/p>\n<p>W dzisiejszych niespokojnych czasach bardzo wa\u017cne jest aby zrobi\u0107 wszystko, aby podobne dramaty ju\u017c nigdy nie mia\u0142y miejsca.<\/p>\n<p>NIGDY WI\u0118CEJ WOJNY!&nbsp; &#8211; zaapelowa\u0142y uczennice.<\/p>\n<p style=\"text-align: right;\">Tekst: Monika Czech<\/p>\n<p><!--more--><\/p>\nngg_shortcode_0_placeholder\n<p style=\"text-align: right;\"><em>&nbsp; &nbsp; &nbsp; &nbsp; &nbsp; &nbsp; &nbsp; &nbsp; &nbsp; &nbsp; &nbsp; &nbsp; &nbsp; &nbsp; &nbsp; &nbsp; &nbsp; &nbsp; &nbsp; &nbsp; &nbsp; &nbsp; &nbsp; &nbsp; &nbsp; &nbsp; &nbsp; &nbsp; &nbsp; &nbsp; &nbsp; &nbsp; &nbsp; &nbsp; &nbsp; &nbsp; &nbsp; &nbsp; &nbsp; &nbsp; &nbsp; &nbsp; &nbsp; &nbsp; <\/em><\/p>\n<p style=\"text-align: right;\"><em>&nbsp;<\/em><\/p>\n\n\n<p class=\"wp-block-paragraph\"><\/p>\n","protected":false},"excerpt":{"rendered":"<p>&#8222;By\u0142 koniec sierpnia. Nocami huka\u0142y sowy, a nietoperze kr\u0105\u017cy\u0142y bezszelestnie nad domem. Las pe\u0142en by\u0142 szumu, morze &#8211; niepokoju. W powietrzu by\u0142o oczekiwanie i smutek, a ksi\u0119\u017cyc wschodzi\u0142 wielki i z\u0142oty. Muminek zawsze najbardziej lubi\u0142 ostatnie tygodnie lata, ale nigdy dok\u0142adnie nie wiedzia\u0142 dlaczego. Szum wiatru i morza by\u0142 inny ni\u017c zwykle, czu\u0142o si\u0119 w [&hellip;]<\/p>\n","protected":false},"author":2,"featured_media":13079,"comment_status":"closed","ping_status":"closed","sticky":false,"template":"","format":"standard","meta":{"ngg_post_thumbnail":0,"footnotes":""},"categories":[92,4],"tags":[],"class_list":["post-13070","post","type-post","status-publish","format-standard","has-post-thumbnail","hentry","category-2022-2023","category-aktualnosci"],"_links":{"self":[{"href":"https:\/\/www.spbezmiechowa.pl\/index.php?rest_route=\/wp\/v2\/posts\/13070","targetHints":{"allow":["GET"]}}],"collection":[{"href":"https:\/\/www.spbezmiechowa.pl\/index.php?rest_route=\/wp\/v2\/posts"}],"about":[{"href":"https:\/\/www.spbezmiechowa.pl\/index.php?rest_route=\/wp\/v2\/types\/post"}],"author":[{"embeddable":true,"href":"https:\/\/www.spbezmiechowa.pl\/index.php?rest_route=\/wp\/v2\/users\/2"}],"replies":[{"embeddable":true,"href":"https:\/\/www.spbezmiechowa.pl\/index.php?rest_route=%2Fwp%2Fv2%2Fcomments&post=13070"}],"version-history":[{"count":12,"href":"https:\/\/www.spbezmiechowa.pl\/index.php?rest_route=\/wp\/v2\/posts\/13070\/revisions"}],"predecessor-version":[{"id":13123,"href":"https:\/\/www.spbezmiechowa.pl\/index.php?rest_route=\/wp\/v2\/posts\/13070\/revisions\/13123"}],"wp:featuredmedia":[{"embeddable":true,"href":"https:\/\/www.spbezmiechowa.pl\/index.php?rest_route=\/wp\/v2\/media\/13079"}],"wp:attachment":[{"href":"https:\/\/www.spbezmiechowa.pl\/index.php?rest_route=%2Fwp%2Fv2%2Fmedia&parent=13070"}],"wp:term":[{"taxonomy":"category","embeddable":true,"href":"https:\/\/www.spbezmiechowa.pl\/index.php?rest_route=%2Fwp%2Fv2%2Fcategories&post=13070"},{"taxonomy":"post_tag","embeddable":true,"href":"https:\/\/www.spbezmiechowa.pl\/index.php?rest_route=%2Fwp%2Fv2%2Ftags&post=13070"}],"curies":[{"name":"wp","href":"https:\/\/api.w.org\/{rel}","templated":true}]}}