{"id":1407,"date":"2012-03-23T13:39:23","date_gmt":"2012-03-23T13:39:23","guid":{"rendered":"https:\/\/www.spbezmiechowa.pl\/?p=1407"},"modified":"2025-06-10T21:27:41","modified_gmt":"2025-06-10T21:27:41","slug":"powitanie-wiosny-w-naszej-szkole","status":"publish","type":"post","link":"https:\/\/www.spbezmiechowa.pl\/?p=1407","title":{"rendered":"Powitanie wiosny w naszej szkole"},"content":{"rendered":"<p>22 marca w rytmie piosenki &#8222;Chod\u017a pomaluj m\u00f3j \u015bwiat&#8221; \u00a0i kolorach t\u0119czy witali\u015bmy w naszej szkole wiosn\u0119. Ka\u017cda z klas wraz ze swoim wychowawc\u0105 (ubrana w wylosowany wcze\u015bniej kolor) niezwykle powa\u017cnie zaanga\u017cowa\u0142a si\u0119 w to zadanie. By\u0142o kolorowo, weso\u0142o i z dreszczykiem emocji.<\/p>\n<p>Przedszkolaki reprezentowa\u0142y <span style=\"color: #800080;\">fiolet<span style=\"color: #000000;\">, &#8222;zer\u00f3wka&#8221; &#8211; <span style=\"color: #ffff00;\">\u017c\u00f3\u0142ty<span style=\"color: #000000;\">, klasa I &#8211; <span style=\"color: #00ff00;\">ziele\u0144<span style=\"color: #000000;\">, klasa II &#8211; <span style=\"color: #ff00ff;\">r\u00f3\u017cowy<span style=\"color: #000000;\">, klasa III &#8211; bia\u0142y, klasa IV (smerfy) &#8211; <span style=\"color: #0000ff;\">niebieski<span style=\"color: #000000;\">, klasa V &#8211; <span style=\"color: #ff0000;\">czerwony<span style=\"color: #000000;\">, a VI &#8211; <span style=\"color: #ff6600;\">pomara\u0144czowy.<\/span><\/span><\/span><\/span><\/span><\/span><\/span><\/span><\/span><\/span><\/span><\/span><\/span><\/p>\n<p>Uroczysto\u015b\u0107 rozpocz\u0119\u0142a si\u0119 o 9-tej, pani dyrektor Lucyna Matuszewska powita\u0142a wszystkich serdecznie i zaprosi\u0142a do wsp\u00f3lnej zabawy. Nast\u0119pnie uczniowie prezentowali informacje \u00a0na temat swojego koloru, piosenk\u0119 z nim zwi\u0105zan\u0105 oraz nakrycie g\u0142owy w kt\u00f3rym chcieliby powita\u0107 wiosn\u0119.<\/p>\n<p>Ka\u017cda z tych konkurencji by\u0142a odpowiednio punktowana przez juror\u00f3w wybranych z ka\u017cdej klasy, a poszczeg\u00f3lne punkty zapisywane na tablicy przez \u2026 Pap\u0119 Smerfa.<\/p>\n<p>Po prezentacji przygotowanego materia\u0142u przyst\u0105pili\u015bmy do oceny og\u00f3lnego wygl\u0105du uczni\u00f3w poszczeg\u00f3lnego koloru, a nast\u0119pnie do rozwi\u0105zywania wiosennej krzy\u017c\u00f3wki. Okaza\u0142o si\u0119, \u017ce ka\u017cda z grup doskonale poradzi\u0142a sobie z zagadkami.<\/p>\n<p>Na koniec jury policzy\u0142o punkty i og\u0142osi\u0142o zwyci\u0119zc\u0119. Najwi\u0119cej punkt\u00f3w zdoby\u0142a klasa V.<\/p>\n<p>Mamy nadziej\u0119, \u017ce po takim powitaniu wiosna zago\u015bci u nas na dobre.<\/p>\n<p><!--more--><\/p>\nngg_shortcode_0_placeholder\n<p>&nbsp;<\/p>\n","protected":false},"excerpt":{"rendered":"<p>22 marca w rytmie piosenki &#8222;Chod\u017a pomaluj m\u00f3j \u015bwiat&#8221; \u00a0i kolorach t\u0119czy witali\u015bmy w naszej szkole wiosn\u0119. Ka\u017cda z klas wraz ze swoim wychowawc\u0105 (ubrana w wylosowany wcze\u015bniej kolor) niezwykle powa\u017cnie zaanga\u017cowa\u0142a si\u0119 w to zadanie. By\u0142o kolorowo, weso\u0142o i z dreszczykiem emocji. Przedszkolaki reprezentowa\u0142y fiolet, &#8222;zer\u00f3wka&#8221; &#8211; \u017c\u00f3\u0142ty, klasa I &#8211; ziele\u0144, klasa II [&hellip;]<\/p>\n","protected":false},"author":2,"featured_media":0,"comment_status":"closed","ping_status":"open","sticky":false,"template":"","format":"standard","meta":{"ngg_post_thumbnail":0,"footnotes":""},"categories":[105,4],"tags":[],"class_list":["post-1407","post","type-post","status-publish","format-standard","hentry","category-2011-2012","category-aktualnosci"],"_links":{"self":[{"href":"https:\/\/www.spbezmiechowa.pl\/index.php?rest_route=\/wp\/v2\/posts\/1407","targetHints":{"allow":["GET"]}}],"collection":[{"href":"https:\/\/www.spbezmiechowa.pl\/index.php?rest_route=\/wp\/v2\/posts"}],"about":[{"href":"https:\/\/www.spbezmiechowa.pl\/index.php?rest_route=\/wp\/v2\/types\/post"}],"author":[{"embeddable":true,"href":"https:\/\/www.spbezmiechowa.pl\/index.php?rest_route=\/wp\/v2\/users\/2"}],"replies":[{"embeddable":true,"href":"https:\/\/www.spbezmiechowa.pl\/index.php?rest_route=%2Fwp%2Fv2%2Fcomments&post=1407"}],"version-history":[{"count":1,"href":"https:\/\/www.spbezmiechowa.pl\/index.php?rest_route=\/wp\/v2\/posts\/1407\/revisions"}],"predecessor-version":[{"id":5815,"href":"https:\/\/www.spbezmiechowa.pl\/index.php?rest_route=\/wp\/v2\/posts\/1407\/revisions\/5815"}],"wp:attachment":[{"href":"https:\/\/www.spbezmiechowa.pl\/index.php?rest_route=%2Fwp%2Fv2%2Fmedia&parent=1407"}],"wp:term":[{"taxonomy":"category","embeddable":true,"href":"https:\/\/www.spbezmiechowa.pl\/index.php?rest_route=%2Fwp%2Fv2%2Fcategories&post=1407"},{"taxonomy":"post_tag","embeddable":true,"href":"https:\/\/www.spbezmiechowa.pl\/index.php?rest_route=%2Fwp%2Fv2%2Ftags&post=1407"}],"curies":[{"name":"wp","href":"https:\/\/api.w.org\/{rel}","templated":true}]}}