{"id":14171,"date":"2022-11-28T11:48:00","date_gmt":"2022-11-28T11:48:00","guid":{"rendered":"https:\/\/www.spbezmiechowa.pl\/?p=14171"},"modified":"2025-06-10T20:26:17","modified_gmt":"2025-06-10T20:26:17","slug":"dzien-pluszowego-misia-u-przedszkolakow","status":"publish","type":"post","link":"https:\/\/www.spbezmiechowa.pl\/?p=14171","title":{"rendered":"Dzie\u0144 Pluszowego Misia u Przedszkolak\u00f3w"},"content":{"rendered":"<p>\u015awiatowy Dzie\u0144 Pluszowego Misia po raz pierwszy by\u0142 obchodzony dnia 25 listopada 2002 roku, natomiast historia pluszowej przytulanki jest znacznie d\u0142u\u017csza. Pierwsza maskotka zosta\u0142a wyprodukowana wiele lat wcze\u015bniej, w 1903 roku.<\/p>\n<p>Mog\u0142oby si\u0119 wydawa\u0107, \u017ce pluszowy mi\u015b to tylko dzieci\u0119ca zabawka, ale one cz\u0119sto towarzysz\u0105 nam przez lata. Swoje przytulanki mamy przekazuj\u0105 swoim dzieciom, aby nadal mog\u0142y wtula\u0107 si\u0119 ma\u0142e r\u0105czki, wys\u0142uchiwa\u0107 sekret\u00f3w i zwierze\u0144, towarzyszy\u0107 im podczas snu. Pluszaki s\u0105 bardzo wa\u017cne w rozwoju dziecka: ucz\u0105 odpowiedzialno\u015bci i troski, pomagaj\u0105 prze\u0142ama\u0107 l\u0119ki u dziecka, przytulanie misi\u00f3w dzia\u0142a uspokajaj\u0105co, wspieraj\u0105 budowanie relacji mi\u0119dzyludzkich oraz pobudzaj\u0105 wyobra\u017ani\u0119.<\/p>\n<p>Dzieci z oddzia\u0142u przedszkolnego tak\u017ce obchodzi\u0142y Dzie\u0144 Pluszowego Misia. Wykona\u0142y wiele \u2018\u2019misiowych\u2019\u2019 zada\u0144, np. misiowe szlaczki, zakodowane kolorowanki, zagadki o znanych misiach, misiowy tor przeszk\u00f3d, wyklejanie misi\u00f3w z plasteliny, rysowanie misia wed\u0142ug instrukcji. Nasz\u0105 sal\u0119 wype\u0142ni\u0142o wi\u0119c mn\u00f3stwo misi\u00f3w \u2013 ogromne pluszaki, mniejsze, ukochane misie przyniesione przez dzieci oraz rysunki misi\u00f3w. Pobawili\u015bmy si\u0119 tak\u017ce w ,,Starego nied\u017awiedzia\u2019\u2019 oraz za\u015bpiewali\u015bmy piosenk\u0119 ,,O kochaniu misia\u201d. Na koniec zaj\u0119\u0107 dzieci wtulone w swoje ukochane przytulanki s\u0142ucha\u0142y bajek o przygodach Misia Uszatka i Kubusia Puchatka.<\/p>\n<p style=\"text-align: right;\">Tekst i zdj\u0119cia:<br \/>\nMagdalena Krasulak<\/p>\n<p><!--more--><\/p>\nngg_shortcode_0_placeholder\n","protected":false},"excerpt":{"rendered":"<p>\u015awiatowy Dzie\u0144 Pluszowego Misia po raz pierwszy by\u0142 obchodzony dnia 25 listopada 2002 roku, natomiast historia pluszowej przytulanki jest znacznie d\u0142u\u017csza. Pierwsza maskotka zosta\u0142a wyprodukowana wiele lat wcze\u015bniej, w 1903 roku. Mog\u0142oby si\u0119 wydawa\u0107, \u017ce pluszowy mi\u015b to tylko dzieci\u0119ca zabawka, ale one cz\u0119sto towarzysz\u0105 nam przez lata. Swoje przytulanki mamy przekazuj\u0105 swoim dzieciom, aby [&hellip;]<\/p>\n","protected":false},"author":2,"featured_media":14177,"comment_status":"closed","ping_status":"closed","sticky":false,"template":"","format":"standard","meta":{"ngg_post_thumbnail":0,"footnotes":""},"categories":[92,4],"tags":[],"class_list":["post-14171","post","type-post","status-publish","format-standard","has-post-thumbnail","hentry","category-2022-2023","category-aktualnosci"],"_links":{"self":[{"href":"https:\/\/www.spbezmiechowa.pl\/index.php?rest_route=\/wp\/v2\/posts\/14171","targetHints":{"allow":["GET"]}}],"collection":[{"href":"https:\/\/www.spbezmiechowa.pl\/index.php?rest_route=\/wp\/v2\/posts"}],"about":[{"href":"https:\/\/www.spbezmiechowa.pl\/index.php?rest_route=\/wp\/v2\/types\/post"}],"author":[{"embeddable":true,"href":"https:\/\/www.spbezmiechowa.pl\/index.php?rest_route=\/wp\/v2\/users\/2"}],"replies":[{"embeddable":true,"href":"https:\/\/www.spbezmiechowa.pl\/index.php?rest_route=%2Fwp%2Fv2%2Fcomments&post=14171"}],"version-history":[{"count":3,"href":"https:\/\/www.spbezmiechowa.pl\/index.php?rest_route=\/wp\/v2\/posts\/14171\/revisions"}],"predecessor-version":[{"id":14179,"href":"https:\/\/www.spbezmiechowa.pl\/index.php?rest_route=\/wp\/v2\/posts\/14171\/revisions\/14179"}],"wp:featuredmedia":[{"embeddable":true,"href":"https:\/\/www.spbezmiechowa.pl\/index.php?rest_route=\/wp\/v2\/media\/14177"}],"wp:attachment":[{"href":"https:\/\/www.spbezmiechowa.pl\/index.php?rest_route=%2Fwp%2Fv2%2Fmedia&parent=14171"}],"wp:term":[{"taxonomy":"category","embeddable":true,"href":"https:\/\/www.spbezmiechowa.pl\/index.php?rest_route=%2Fwp%2Fv2%2Fcategories&post=14171"},{"taxonomy":"post_tag","embeddable":true,"href":"https:\/\/www.spbezmiechowa.pl\/index.php?rest_route=%2Fwp%2Fv2%2Ftags&post=14171"}],"curies":[{"name":"wp","href":"https:\/\/api.w.org\/{rel}","templated":true}]}}