{"id":14202,"date":"2022-12-02T16:02:00","date_gmt":"2022-12-02T16:02:00","guid":{"rendered":"https:\/\/www.spbezmiechowa.pl\/?p=14202"},"modified":"2025-06-10T20:25:54","modified_gmt":"2025-06-10T20:25:54","slug":"dzien-glosnego-czytania-2","status":"publish","type":"post","link":"https:\/\/www.spbezmiechowa.pl\/?p=14202","title":{"rendered":"Dzie\u0144 G\u0142o\u015bnego Czytania"},"content":{"rendered":"<p>Dzie\u0144 G\u0142o\u015bnego Czytania to jedno z tych wydarze\u0144 w kalendarzu \u015bwi\u0105t nietypowych, kt\u00f3rego celem jest propagowanie czytelnictwa w\u015br\u00f3d dzieci i m\u0142odzie\u017cy. G\u0142o\u015bne czytanie jest niepowtarzaln\u0105 okazj\u0105 do budowania wi\u0119zi mi\u0119dzy uczniami, jak i daje okazj\u0119 do wsp\u00f3lnego sp\u0119dzenia czasu.<\/p>\n<p>W tym roku 1 grudnia w naszej szkole dzieci z klas I &#8211; III czyta\u0142y wiersze Jana Brzechwy i Juliana Tuwima, natomiast uczniowie klas IV &#8211; VIII prezentowali utwory Adama Mickiewicza z cyklu &#8222;Ballady i romanse&#8221;. By\u0142 to czas wykorzystany bardzo tw\u00f3rczo, s\u0142uchacze mieli uczt\u0119 dla ducha &#8211; mogli przypomnie\u0107 sobie teksty, kt\u00f3re kiedy\u015b s\u0142yszeli albo pozna\u0107 nowe, natomiast czytaj\u0105cy mogli podzieli\u0107 si\u0119 w\u0142asn\u0105 interpretacj\u0105 danego utworu i zmierzy\u0107 z trem\u0105 zwi\u0105zan\u0105 z publicznym wyst\u0105pieniem.<\/p>\n<p>Niew\u0105tpliwie ksi\u0105\u017cki to jedno z najlepszych \u017ar\u00f3de\u0142 wiedzy, do tego rozwijaj\u0105 wyobra\u017ani\u0119, pami\u0119\u0107, poszerzaj\u0105 s\u0142ownictwo oraz przede wszystkim pozwalaj\u0105 prze\u017cywa\u0107 wspania\u0142e przygody i emocje.<\/p>\n<p>Wszystkim uczestnikom tegorocznej akcji czytelniczej serdecznie dzi\u0119kujemy i zach\u0119camy do jak najcz\u0119stszego czytania w domowym zaciszu z najbli\u017cszymi, korzystaj\u0105c m.in. z ksi\u0119gozbioru naszej biblioteki\ud83d\ude42.<\/p>\n<p style=\"text-align: right;\">Tekst: Bo\u017cena Plezia<br \/>\nZdj\u0119cia: Magdalena Krasulak<\/p>\n<p>&nbsp;<\/p>\n<p><!--more--><\/p>\nngg_shortcode_0_placeholder\n","protected":false},"excerpt":{"rendered":"<p>Dzie\u0144 G\u0142o\u015bnego Czytania to jedno z tych wydarze\u0144 w kalendarzu \u015bwi\u0105t nietypowych, kt\u00f3rego celem jest propagowanie czytelnictwa w\u015br\u00f3d dzieci i m\u0142odzie\u017cy. G\u0142o\u015bne czytanie jest niepowtarzaln\u0105 okazj\u0105 do budowania wi\u0119zi mi\u0119dzy uczniami, jak i daje okazj\u0119 do wsp\u00f3lnego sp\u0119dzenia czasu. W tym roku 1 grudnia w naszej szkole dzieci z klas I &#8211; III czyta\u0142y wiersze [&hellip;]<\/p>\n","protected":false},"author":2,"featured_media":14205,"comment_status":"closed","ping_status":"closed","sticky":false,"template":"","format":"standard","meta":{"ngg_post_thumbnail":0,"footnotes":""},"categories":[92,4],"tags":[],"class_list":["post-14202","post","type-post","status-publish","format-standard","has-post-thumbnail","hentry","category-2022-2023","category-aktualnosci"],"_links":{"self":[{"href":"https:\/\/www.spbezmiechowa.pl\/index.php?rest_route=\/wp\/v2\/posts\/14202","targetHints":{"allow":["GET"]}}],"collection":[{"href":"https:\/\/www.spbezmiechowa.pl\/index.php?rest_route=\/wp\/v2\/posts"}],"about":[{"href":"https:\/\/www.spbezmiechowa.pl\/index.php?rest_route=\/wp\/v2\/types\/post"}],"author":[{"embeddable":true,"href":"https:\/\/www.spbezmiechowa.pl\/index.php?rest_route=\/wp\/v2\/users\/2"}],"replies":[{"embeddable":true,"href":"https:\/\/www.spbezmiechowa.pl\/index.php?rest_route=%2Fwp%2Fv2%2Fcomments&post=14202"}],"version-history":[{"count":7,"href":"https:\/\/www.spbezmiechowa.pl\/index.php?rest_route=\/wp\/v2\/posts\/14202\/revisions"}],"predecessor-version":[{"id":14447,"href":"https:\/\/www.spbezmiechowa.pl\/index.php?rest_route=\/wp\/v2\/posts\/14202\/revisions\/14447"}],"wp:featuredmedia":[{"embeddable":true,"href":"https:\/\/www.spbezmiechowa.pl\/index.php?rest_route=\/wp\/v2\/media\/14205"}],"wp:attachment":[{"href":"https:\/\/www.spbezmiechowa.pl\/index.php?rest_route=%2Fwp%2Fv2%2Fmedia&parent=14202"}],"wp:term":[{"taxonomy":"category","embeddable":true,"href":"https:\/\/www.spbezmiechowa.pl\/index.php?rest_route=%2Fwp%2Fv2%2Fcategories&post=14202"},{"taxonomy":"post_tag","embeddable":true,"href":"https:\/\/www.spbezmiechowa.pl\/index.php?rest_route=%2Fwp%2Fv2%2Ftags&post=14202"}],"curies":[{"name":"wp","href":"https:\/\/api.w.org\/{rel}","templated":true}]}}