{"id":14361,"date":"2022-12-22T13:47:00","date_gmt":"2022-12-22T13:47:00","guid":{"rendered":"https:\/\/www.spbezmiechowa.pl\/?p=14361"},"modified":"2025-06-10T20:25:16","modified_gmt":"2025-06-10T20:25:16","slug":"spotkanie-wigilijne-3","status":"publish","type":"post","link":"https:\/\/www.spbezmiechowa.pl\/?p=14361","title":{"rendered":"Spotkanie wigilijne"},"content":{"rendered":"<p>Czwartek 22&nbsp; grudnia, up\u0142yn\u0105\u0142 w Naszej Szkole pod znakiem przygotowa\u0144 do \u015bwi\u0105t Bo\u017cego Narodzenia. Ju\u017c od rana, w klasach, uczniowie oddawali si\u0119 r\u00f3\u017cnym zaj\u0119ciom wprowadzaj\u0105cym w klimat \u015bwi\u0105teczny. Przed po\u0142udniem na&nbsp; \u015bwi\u0105tecznie udekorowanej sali gimnastycznej wszystkie zespo\u0142y klasowe, nauczyciele, pracownicy szko\u0142y oraz dzieci z oddzia\u0142u przedszkolnego i ch\u0119tni rodzice spotkali&nbsp; si\u0119 na wsp\u00f3lnej wigilii , kt\u00f3r\u0105 poprzedzi\u0142o przedstawienie&nbsp; jase\u0142kowe przygotowane wraz z uczniami przez pani\u0105 Agnieszk\u0119 Wa\u0144ca. Zgromadzon\u0105 spo\u0142eczno\u015b\u0107 na szkolnej wigilii&nbsp; powita\u0142a Pani Dyrektor szko\u0142y A. W\u00f3jcicka, sk\u0142adaj\u0105c&nbsp; bo\u017conarodzeniowe i noworoczne \u017cyczenia.<\/p>\n<p>Po wigilii ca\u0142a spo\u0142eczno\u015b\u0107 szkolna rozpocz\u0119\u0142a wsp\u00f3lne kol\u0119dowanie. Po zako\u0144czonym spotkaniu wszyscy udali si\u0119 do dom\u00f3w z g\u0142\u0119bokim przekonaniem, \u017ce:<\/p>\n<p>&nbsp;<\/p>\n<p><em>\u201eWigilia to nie tylko czas, &nbsp;gdy jest prezent\u00f3w moc,<\/em><\/p>\n<p><em>to nie tylko czas, &nbsp;gdy potraw sto na stole.<\/em><\/p>\n<p><em>Lecz Wigilia to przepi\u0119kny czas,<\/em><\/p>\n<p><em>Bo\u017conarodzeniowy czas,<\/em><\/p>\n<p><em>gdy siedzimy wszyscy w kole,<\/em><\/p>\n<p><em>i mamy bliskich przy stole.\u201d<\/em><\/p>\n<p>&nbsp;<\/p>\n<p>Dzi\u0119kujemy wszystkim za przybycie i wsp\u00f3lnie sp\u0119dzony czas. Szczeg\u00f3lne podzi\u0119kowania kierujemy do&nbsp; Rady Rodzic\u00f3w, kt\u00f3ra dla wszystkich ufundowa\u0142a&nbsp; i przygotowa\u0142a dania wigilijne.<\/p>\n<p style=\"text-align: right;\">Tekst: Agata W\u00f3jcicka<\/p>\n<p><!--more--><\/p>\nngg_shortcode_0_placeholder\n","protected":false},"excerpt":{"rendered":"<p>Czwartek 22&nbsp; grudnia, up\u0142yn\u0105\u0142 w Naszej Szkole pod znakiem przygotowa\u0144 do \u015bwi\u0105t Bo\u017cego Narodzenia. Ju\u017c od rana, w klasach, uczniowie oddawali si\u0119 r\u00f3\u017cnym zaj\u0119ciom wprowadzaj\u0105cym w klimat \u015bwi\u0105teczny. Przed po\u0142udniem na&nbsp; \u015bwi\u0105tecznie udekorowanej sali gimnastycznej wszystkie zespo\u0142y klasowe, nauczyciele, pracownicy szko\u0142y oraz dzieci z oddzia\u0142u przedszkolnego i ch\u0119tni rodzice spotkali&nbsp; si\u0119 na wsp\u00f3lnej wigilii , [&hellip;]<\/p>\n","protected":false},"author":2,"featured_media":9729,"comment_status":"closed","ping_status":"closed","sticky":false,"template":"","format":"standard","meta":{"ngg_post_thumbnail":0,"footnotes":""},"categories":[92,4],"tags":[],"class_list":["post-14361","post","type-post","status-publish","format-standard","has-post-thumbnail","hentry","category-2022-2023","category-aktualnosci"],"_links":{"self":[{"href":"https:\/\/www.spbezmiechowa.pl\/index.php?rest_route=\/wp\/v2\/posts\/14361","targetHints":{"allow":["GET"]}}],"collection":[{"href":"https:\/\/www.spbezmiechowa.pl\/index.php?rest_route=\/wp\/v2\/posts"}],"about":[{"href":"https:\/\/www.spbezmiechowa.pl\/index.php?rest_route=\/wp\/v2\/types\/post"}],"author":[{"embeddable":true,"href":"https:\/\/www.spbezmiechowa.pl\/index.php?rest_route=\/wp\/v2\/users\/2"}],"replies":[{"embeddable":true,"href":"https:\/\/www.spbezmiechowa.pl\/index.php?rest_route=%2Fwp%2Fv2%2Fcomments&post=14361"}],"version-history":[{"count":2,"href":"https:\/\/www.spbezmiechowa.pl\/index.php?rest_route=\/wp\/v2\/posts\/14361\/revisions"}],"predecessor-version":[{"id":14426,"href":"https:\/\/www.spbezmiechowa.pl\/index.php?rest_route=\/wp\/v2\/posts\/14361\/revisions\/14426"}],"wp:featuredmedia":[{"embeddable":true,"href":"https:\/\/www.spbezmiechowa.pl\/index.php?rest_route=\/wp\/v2\/media\/9729"}],"wp:attachment":[{"href":"https:\/\/www.spbezmiechowa.pl\/index.php?rest_route=%2Fwp%2Fv2%2Fmedia&parent=14361"}],"wp:term":[{"taxonomy":"category","embeddable":true,"href":"https:\/\/www.spbezmiechowa.pl\/index.php?rest_route=%2Fwp%2Fv2%2Fcategories&post=14361"},{"taxonomy":"post_tag","embeddable":true,"href":"https:\/\/www.spbezmiechowa.pl\/index.php?rest_route=%2Fwp%2Fv2%2Ftags&post=14361"}],"curies":[{"name":"wp","href":"https:\/\/api.w.org\/{rel}","templated":true}]}}