{"id":14462,"date":"2023-01-10T20:05:00","date_gmt":"2023-01-10T20:05:00","guid":{"rendered":"https:\/\/www.spbezmiechowa.pl\/?p=14462"},"modified":"2025-06-10T20:24:28","modified_gmt":"2025-06-10T20:24:28","slug":"przedstawienie-jaselkowe-dla-mieszkancow-bezmiechowej","status":"publish","type":"post","link":"https:\/\/www.spbezmiechowa.pl\/?p=14462","title":{"rendered":"Przedstawienie jase\u0142kowe dla mieszka\u0144c\u00f3w Bezmiechowej"},"content":{"rendered":"<p>10 stycznia 2023 r. w Ko\u015bciele Parafialnym w Bezmiechowej Dolnej uczniowie ze szko\u0142y podstawowej przedstawili dla zgromadzonych parafian przedstawienie jase\u0142kowe, kt\u00f3re przygotowa\u0142a pani : A. Wa\u0144ca&nbsp; i&nbsp; wspar\u0142a p. B. Plezia.<\/p>\n<p>W swoim przedstawieniu arty\u015bci przypomnieli wydarzenia sprzed ponad dw\u00f3ch tysi\u0119cy lat, kiedy to w Betlejem narodzi\u0142o si\u0119 Bo\u017ce Dzieci\u0105tko. Dzieci wcieli\u0142y si\u0119 w role Maryi i J\u00f3zefa, pastuszka, anio\u0142\u00f3w oraz&nbsp; trzech kr\u00f3li, przybywaj\u0105cych z\u0142o\u017cy\u0107 pok\u0142on Jezusowi narodzonemu w ubogiej stajence. Uroku&nbsp; doda\u0142y kol\u0119dy i pastora\u0142ki wy\u015bpiewane przez solist\u00f3w oraz niekt\u00f3re zespo\u0142y klasowe.<\/p>\n<p>Przedstawienie zgromadzi\u0142o wielu parafian. Dzieci otrzyma\u0142y podzi\u0119kowanie i gromkie brawa. Po przedstawieniu ch\u0119tni parafianie wsparli finansowo wyst\u0119puj\u0105ce dzieci. Za sw\u00f3j wyst\u0119p arty\u015bci zebrali kwot\u0119 <strong>1021 z\u0142<\/strong> z przeznaczeniem na wycieczk\u0119.<\/p>\n<p>Serdecznie dzi\u0119kujemy wszystkim&nbsp; parafianom za \u017cyczliwe przyj\u0119cie.<\/p>\n<p style=\"text-align: right;\">Tekst: A. W\u00f3jcicka<br \/>\nZdj\u0119cia: ks. R. \u0141obaza<\/p>\n<p><!--more--><\/p>\n<div style=\"width: 1440px;\" class=\"wp-video\"><!--[if lt IE 9]><script>document.createElement('video');<\/script><![endif]-->\n<video class=\"wp-video-shortcode\" id=\"video-14462-1\" width=\"1440\" height=\"1080\" preload=\"metadata\" controls=\"controls\"><source type=\"video\/mp4\" src=\"https:\/\/www.spbezmiechowa.pl\/wp-content\/uploads\/wordpress\/00118.mp4?_=1\" \/><a href=\"https:\/\/www.spbezmiechowa.pl\/wp-content\/uploads\/wordpress\/00118.mp4\">https:\/\/www.spbezmiechowa.pl\/wp-content\/uploads\/wordpress\/00118.mp4<\/a><\/video><\/div>\nngg_shortcode_0_placeholder\n","protected":false},"excerpt":{"rendered":"<p>10 stycznia 2023 r. w Ko\u015bciele Parafialnym w Bezmiechowej Dolnej uczniowie ze szko\u0142y podstawowej przedstawili dla zgromadzonych parafian przedstawienie jase\u0142kowe, kt\u00f3re przygotowa\u0142a pani : A. Wa\u0144ca&nbsp; i&nbsp; wspar\u0142a p. B. Plezia. W swoim przedstawieniu arty\u015bci przypomnieli wydarzenia sprzed ponad dw\u00f3ch tysi\u0119cy lat, kiedy to w Betlejem narodzi\u0142o si\u0119 Bo\u017ce Dzieci\u0105tko. Dzieci wcieli\u0142y si\u0119 w role [&hellip;]<\/p>\n","protected":false},"author":2,"featured_media":14464,"comment_status":"closed","ping_status":"closed","sticky":false,"template":"","format":"standard","meta":{"ngg_post_thumbnail":0,"footnotes":""},"categories":[92,4],"tags":[],"class_list":["post-14462","post","type-post","status-publish","format-standard","has-post-thumbnail","hentry","category-2022-2023","category-aktualnosci"],"_links":{"self":[{"href":"https:\/\/www.spbezmiechowa.pl\/index.php?rest_route=\/wp\/v2\/posts\/14462","targetHints":{"allow":["GET"]}}],"collection":[{"href":"https:\/\/www.spbezmiechowa.pl\/index.php?rest_route=\/wp\/v2\/posts"}],"about":[{"href":"https:\/\/www.spbezmiechowa.pl\/index.php?rest_route=\/wp\/v2\/types\/post"}],"author":[{"embeddable":true,"href":"https:\/\/www.spbezmiechowa.pl\/index.php?rest_route=\/wp\/v2\/users\/2"}],"replies":[{"embeddable":true,"href":"https:\/\/www.spbezmiechowa.pl\/index.php?rest_route=%2Fwp%2Fv2%2Fcomments&post=14462"}],"version-history":[{"count":7,"href":"https:\/\/www.spbezmiechowa.pl\/index.php?rest_route=\/wp\/v2\/posts\/14462\/revisions"}],"predecessor-version":[{"id":14537,"href":"https:\/\/www.spbezmiechowa.pl\/index.php?rest_route=\/wp\/v2\/posts\/14462\/revisions\/14537"}],"wp:featuredmedia":[{"embeddable":true,"href":"https:\/\/www.spbezmiechowa.pl\/index.php?rest_route=\/wp\/v2\/media\/14464"}],"wp:attachment":[{"href":"https:\/\/www.spbezmiechowa.pl\/index.php?rest_route=%2Fwp%2Fv2%2Fmedia&parent=14462"}],"wp:term":[{"taxonomy":"category","embeddable":true,"href":"https:\/\/www.spbezmiechowa.pl\/index.php?rest_route=%2Fwp%2Fv2%2Fcategories&post=14462"},{"taxonomy":"post_tag","embeddable":true,"href":"https:\/\/www.spbezmiechowa.pl\/index.php?rest_route=%2Fwp%2Fv2%2Ftags&post=14462"}],"curies":[{"name":"wp","href":"https:\/\/api.w.org\/{rel}","templated":true}]}}