{"id":14543,"date":"2023-01-25T12:59:43","date_gmt":"2023-01-25T12:59:43","guid":{"rendered":"https:\/\/www.spbezmiechowa.pl\/?p=14543"},"modified":"2025-06-10T20:23:53","modified_gmt":"2025-06-10T20:23:53","slug":"leszczanie-leszczanom","status":"publish","type":"post","link":"https:\/\/www.spbezmiechowa.pl\/?p=14543","title":{"rendered":"Leszczanie &#8211; Leszczanom"},"content":{"rendered":"<p>&nbsp;<\/p>\n<p style=\"font-weight: 400;\"><a href=\"https:\/\/www.spbezmiechowa.pl\/wp-content\/uploads\/wordpress\/PLAKAT-GMINA-LESKO-LESZCZANIE-LESZCZANOM.pdf\">PLAKAT GMINA LESKO LESZCZANIE-LESZCZANOM<\/a><\/p>\n<p>&nbsp;<\/p>\n<p style=\"font-weight: 400;\">\u201eLeszczanie\u2013Leszczanom\u201d &#8211; to akcja spo\u0142eczna maj\u0105ca na celu pokazanie m\u0142odszym pokoleniom jak Lesko wygl\u0105da\u0142o w dawnych czasach, a konkretnie w okresie mi\u0119dzywojennym oraz tu\u017c po II wojnie \u015bwiatowej. R\u00f3\u017cnorodno\u015b\u0107 kultur i wyzna\u0144, \u017cycie i zwyczaje, religia i wa\u017cne wydarzenia \u2013 to wszystko tworzy\u0142o nasz\u0105 histori\u0119, kszta\u0142towa\u0142o lesk\u0105 spo\u0142eczno\u015b\u0107. Istotne dla miasta postacie, kt\u00f3re mia\u0142y wp\u0142yw na kszta\u0142towanie si\u0119 r\u00f3wnie\u017c architektury.<\/p>\n<p style=\"font-weight: 400;\">Naszym wsp\u00f3lnym obowi\u0105zkiem jest znajomo\u015b\u0107 historii, przekazywanie jej z pokolenia na pokolenie, z szacunkiem do tych, kt\u00f3rzy byli tutaj przed nami.<\/p>\n<p style=\"font-weight: 400;\">Histori\u0119 zobrazowan\u0105 pi\u0119knymi, starymi fotografiami chcemy pokaza\u0107 r\u00f3wnie\u017c turystom odwiedzaj\u0105cym nasze miasto, a na pewno mamy czym ich zaciekawi\u0107. Dlatego po\u015br\u00f3d zebranych fotografii wybierzemy 18 sztuk, kt\u00f3re zostan\u0105 udost\u0119pnione w przestrzeni miejskiej w plenerowych gablotach wystawienniczych na prze\u0142omie kwietnia i maja br.. Po zako\u0144czeniu akcji ekspozycja zostanie przekazana do Regionalnej Izby Pami\u0119ci w Lesku, wchodz\u0105c w sk\u0142ad kolekcji sta\u0142ej.<\/p>\n<p style=\"font-weight: 400;\">Akcj\u0119 prowadzimy w ramach realizacji projektu \u201eLesko and Khust \u2013 history is our strength\u201d (\u201eLesko i Chust \u2013 historia nasz\u0105 si\u0142\u0105\u201d).<\/p>\n<p style=\"font-weight: 400;\">Projekt realizowany jest przy wsparciu finansowym Unii Europejskiej w ramach Programu Wsp\u00f3\u0142pracy Transgranicznej EIS Polska-Bia\u0142oru\u015b-Ukraina 2014-2020<\/p>\n<p style=\"font-weight: 400;\">Zapraszamy Was wszystkich do w\u0142\u0105czenia si\u0119 w nasze dzia\u0142ania.<\/p>\n<p style=\"font-weight: 400;\">Je\u015bli macie w swoich szufladach zdj\u0119cia i chcecie si\u0119 nimi podzieli\u0107 \u2013 zach\u0119camy.<\/p>\n<p style=\"font-weight: 400;\">Formy przekazania zdj\u0119\u0107:<\/p>\n<p style=\"font-weight: 400;\">&#8211; w postaci skanu na adres: promocja@lesko.pl<\/p>\n<p style=\"font-weight: 400;\">&#8211; orygina\u0142\/kopia w formie papierowej przeznaczonej do skanowania bezpo\u015brednio do Urz\u0119du Miasta i Gminy Lesko pok.105 (Biuro Promocji, Kultury i Turystyki) tel. 013 469-80-01 w.36<\/p>\n<p style=\"font-weight: 400;\"><strong>Fotografie zbieramy do 31.03.2023 r.<\/strong><\/p>\n<p style=\"text-align: right;\">Urz\u0105d Miasta i Gminy Lesko<\/p>\n\n\n<p><\/p>\n","protected":false},"excerpt":{"rendered":"<p>&nbsp; PLAKAT GMINA LESKO LESZCZANIE-LESZCZANOM &nbsp; \u201eLeszczanie\u2013Leszczanom\u201d &#8211; to akcja spo\u0142eczna maj\u0105ca na celu pokazanie m\u0142odszym pokoleniom jak Lesko wygl\u0105da\u0142o w dawnych czasach, a konkretnie w okresie mi\u0119dzywojennym oraz tu\u017c po II wojnie \u015bwiatowej. R\u00f3\u017cnorodno\u015b\u0107 kultur i wyzna\u0144, \u017cycie i zwyczaje, religia i wa\u017cne wydarzenia \u2013 to wszystko tworzy\u0142o nasz\u0105 histori\u0119, kszta\u0142towa\u0142o lesk\u0105 spo\u0142eczno\u015b\u0107. Istotne [&hellip;]<\/p>\n","protected":false},"author":2,"featured_media":14544,"comment_status":"closed","ping_status":"closed","sticky":false,"template":"","format":"standard","meta":{"ngg_post_thumbnail":0,"footnotes":""},"categories":[92,4],"tags":[],"class_list":["post-14543","post","type-post","status-publish","format-standard","has-post-thumbnail","hentry","category-2022-2023","category-aktualnosci"],"_links":{"self":[{"href":"https:\/\/www.spbezmiechowa.pl\/index.php?rest_route=\/wp\/v2\/posts\/14543","targetHints":{"allow":["GET"]}}],"collection":[{"href":"https:\/\/www.spbezmiechowa.pl\/index.php?rest_route=\/wp\/v2\/posts"}],"about":[{"href":"https:\/\/www.spbezmiechowa.pl\/index.php?rest_route=\/wp\/v2\/types\/post"}],"author":[{"embeddable":true,"href":"https:\/\/www.spbezmiechowa.pl\/index.php?rest_route=\/wp\/v2\/users\/2"}],"replies":[{"embeddable":true,"href":"https:\/\/www.spbezmiechowa.pl\/index.php?rest_route=%2Fwp%2Fv2%2Fcomments&post=14543"}],"version-history":[{"count":2,"href":"https:\/\/www.spbezmiechowa.pl\/index.php?rest_route=\/wp\/v2\/posts\/14543\/revisions"}],"predecessor-version":[{"id":14548,"href":"https:\/\/www.spbezmiechowa.pl\/index.php?rest_route=\/wp\/v2\/posts\/14543\/revisions\/14548"}],"wp:featuredmedia":[{"embeddable":true,"href":"https:\/\/www.spbezmiechowa.pl\/index.php?rest_route=\/wp\/v2\/media\/14544"}],"wp:attachment":[{"href":"https:\/\/www.spbezmiechowa.pl\/index.php?rest_route=%2Fwp%2Fv2%2Fmedia&parent=14543"}],"wp:term":[{"taxonomy":"category","embeddable":true,"href":"https:\/\/www.spbezmiechowa.pl\/index.php?rest_route=%2Fwp%2Fv2%2Fcategories&post=14543"},{"taxonomy":"post_tag","embeddable":true,"href":"https:\/\/www.spbezmiechowa.pl\/index.php?rest_route=%2Fwp%2Fv2%2Ftags&post=14543"}],"curies":[{"name":"wp","href":"https:\/\/api.w.org\/{rel}","templated":true}]}}