{"id":14599,"date":"2023-02-10T17:00:57","date_gmt":"2023-02-10T17:00:57","guid":{"rendered":"https:\/\/www.spbezmiechowa.pl\/?p=14599"},"modified":"2025-06-10T20:23:33","modified_gmt":"2025-06-10T20:23:33","slug":"spotkanie-z-babcia-i-dziadkiem","status":"publish","type":"post","link":"https:\/\/www.spbezmiechowa.pl\/?p=14599","title":{"rendered":"Spotkanie z Babci\u0105 i Dziadkiem"},"content":{"rendered":"<p>W czwartek &nbsp;09.02.2023 r.&nbsp; w Szkole Podstawowej im. Szybownik\u00f3w Polskich w Bezmiechowej Dolnej mia\u0142a miejsce uroczysto\u015b\u0107 z okazji \u015awi\u0119ta Babci i Dziadka. Dzieci pod kierunkiem nauczycieli przygotowa\u0142y program artystyczny pt. \u201eBabciu, Dziadku Kochamy Was.\u201d Uczniowie plac\u00f3wki wsp\u00f3lnie ze swoimi wychowawcami opracowali z tej okazji bogaty program artystyczny oraz pi\u0119kne, w\u0142asnor\u0119cznie wykonane pami\u0105tki, a Rodzice s\u0142odki pocz\u0119stunek.<\/p>\n<p>Spotkanie rozpocz\u0119\u0142o si\u0119 od powitania przez p. dyrektor Agat\u0119 W\u00f3jcick\u0105&nbsp; przyby\u0142ych go\u015bci i z\u0142o\u017cenia \u017cycze\u0144. Dzieci z oddzia\u0142u przedszkolnego oraz klas 1-3 w pi\u0119knych strojach zaprezentowa\u0142y r\u00f3\u017cnorodny repertuar. Wnuki, poprzez wiersz, piosenk\u0119, inscenizacj\u0119 i ta\u0144ce, mia\u0142y okazj\u0119 wyrazi\u0107 kochanym babciom i dziadkom, swoje uczucia za mi\u0142o\u015b\u0107, wdzi\u0119czno\u015b\u0107, dobro\u0107 i cierpliwo\u015b\u0107. Szanowni Go\u015bcie obejrzeli r\u00f3wnie\u017c przedstawienie jase\u0142kowe w wykonaniu uczni\u00f3w z klas I &#8211; VI. Wspaniali m\u0142odzi arty\u015bci z przej\u0119ciem odtwarzali swoje role i \u015bpiewali kol\u0119dy. Frekwencja na uroczysto\u015bci przeros\u0142a wszelkie oczekiwania, pokazuje jak wa\u017cne s\u0105 takie wydarzenia.<\/p>\n<p>Na zako\u0144czenie cz\u0119\u015bci artystycznej wszystkie dzieci za\u015bpiewa\u0142y \u201eSto lat\u201d i wr\u0119czy\u0142y Babciom i Dziadkom upominki. Spotkanie zako\u0144czy\u0142a p. Dyrektor podzi\u0119kowaniem skierowanym do honorowych go\u015bci, ma\u0142ych artyst\u00f3w i wychowawc\u00f3w. By\u0142y to wyj\u0105tkowe chwile, kt\u00f3re przynios\u0142y zebranym wiele rado\u015bci i u\u015bmiechu.<\/p>\n<p style=\"text-align: right;\">Tekst: Zofia Biskup<\/p>\n<p><!--more--><\/p>\nngg_shortcode_0_placeholder\n","protected":false},"excerpt":{"rendered":"<p>W czwartek &nbsp;09.02.2023 r.&nbsp; w Szkole Podstawowej im. Szybownik\u00f3w Polskich w Bezmiechowej Dolnej mia\u0142a miejsce uroczysto\u015b\u0107 z okazji \u015awi\u0119ta Babci i Dziadka. Dzieci pod kierunkiem nauczycieli przygotowa\u0142y program artystyczny pt. \u201eBabciu, Dziadku Kochamy Was.\u201d Uczniowie plac\u00f3wki wsp\u00f3lnie ze swoimi wychowawcami opracowali z tej okazji bogaty program artystyczny oraz pi\u0119kne, w\u0142asnor\u0119cznie wykonane pami\u0105tki, a Rodzice s\u0142odki [&hellip;]<\/p>\n","protected":false},"author":2,"featured_media":14704,"comment_status":"closed","ping_status":"closed","sticky":false,"template":"","format":"standard","meta":{"ngg_post_thumbnail":0,"footnotes":""},"categories":[92,4],"tags":[],"class_list":["post-14599","post","type-post","status-publish","format-standard","has-post-thumbnail","hentry","category-2022-2023","category-aktualnosci"],"_links":{"self":[{"href":"https:\/\/www.spbezmiechowa.pl\/index.php?rest_route=\/wp\/v2\/posts\/14599","targetHints":{"allow":["GET"]}}],"collection":[{"href":"https:\/\/www.spbezmiechowa.pl\/index.php?rest_route=\/wp\/v2\/posts"}],"about":[{"href":"https:\/\/www.spbezmiechowa.pl\/index.php?rest_route=\/wp\/v2\/types\/post"}],"author":[{"embeddable":true,"href":"https:\/\/www.spbezmiechowa.pl\/index.php?rest_route=\/wp\/v2\/users\/2"}],"replies":[{"embeddable":true,"href":"https:\/\/www.spbezmiechowa.pl\/index.php?rest_route=%2Fwp%2Fv2%2Fcomments&post=14599"}],"version-history":[{"count":1,"href":"https:\/\/www.spbezmiechowa.pl\/index.php?rest_route=\/wp\/v2\/posts\/14599\/revisions"}],"predecessor-version":[{"id":14600,"href":"https:\/\/www.spbezmiechowa.pl\/index.php?rest_route=\/wp\/v2\/posts\/14599\/revisions\/14600"}],"wp:featuredmedia":[{"embeddable":true,"href":"https:\/\/www.spbezmiechowa.pl\/index.php?rest_route=\/wp\/v2\/media\/14704"}],"wp:attachment":[{"href":"https:\/\/www.spbezmiechowa.pl\/index.php?rest_route=%2Fwp%2Fv2%2Fmedia&parent=14599"}],"wp:term":[{"taxonomy":"category","embeddable":true,"href":"https:\/\/www.spbezmiechowa.pl\/index.php?rest_route=%2Fwp%2Fv2%2Fcategories&post=14599"},{"taxonomy":"post_tag","embeddable":true,"href":"https:\/\/www.spbezmiechowa.pl\/index.php?rest_route=%2Fwp%2Fv2%2Ftags&post=14599"}],"curies":[{"name":"wp","href":"https:\/\/api.w.org\/{rel}","templated":true}]}}