{"id":15281,"date":"2023-06-05T12:29:25","date_gmt":"2023-06-05T12:29:25","guid":{"rendered":"https:\/\/www.spbezmiechowa.pl\/?p=15281"},"modified":"2025-06-10T20:19:30","modified_gmt":"2025-06-10T20:19:30","slug":"pamietamy-o-85-rocznicy-rekordowego-przelotu-szybowcowego-pilota-p-tadeusza-gory","status":"publish","type":"post","link":"https:\/\/www.spbezmiechowa.pl\/?p=15281","title":{"rendered":"Pami\u0119tamy o 85 rocznicy rekordowego przelotu szybowcowego\u00a0pilota p.Tadeusza G\u00f3ry"},"content":{"rendered":"<p>&nbsp;<\/p>\n<p><strong><em>Pami\u0119tamy o 85 rocznicy rekordowego przelotu szybowcowego pilota&nbsp; &nbsp; &nbsp; &nbsp; &nbsp; &nbsp; &nbsp; &nbsp; &nbsp; &nbsp; p. Tadeusza G\u00f3ry oraz o 24 rocznicy nadania naszej szkole imienia \u201eSzybownik\u00f3w Polskich\u201d.<\/em><\/strong><\/p>\n<p>&nbsp;<\/p>\n<p>Maj i czerwiec to dla naszej szko\u0142y wa\u017cne miesi\u0105ce, mi\u0119dzy innymi z powodu kolejnej okazji uczczenia pami\u0119ci o wybitnym pilocie szybowcowym p. Tadeuszu G\u00f3rze, kt\u00f3ry 18 maja 1938r. dokona\u0142 rekordowego przelotu na szybowcu PWS- 101 pokonuj\u0105c odleg\u0142o\u015b\u0107 prawie 578 km z Bezmiechowej do Solecznik Ma\u0142ych pod Wilnem. <u>Za ten wspania\u0142y wyczyn p. T. G\u00f3ra otrzyma\u0142 jako pierwszy pilot na \u015bwiecie najwy\u017csze wyr\u00f3\u017cnienie szybowcowe Medal Lilienthala.<\/u><\/p>\n<p>12 czerwca 1999r. szko\u0142a przyj\u0119\u0142a pi\u0119kne i zaszczytne imi\u0119 \u201eSzybownik\u00f3w Polskich\u201d, w tym roku mija 24 rocznica tego znacz\u0105cego wydarzenia. Obranie polskich pilot\u00f3w szybowcowych na patrona szko\u0142y, piel\u0119gnowanie historii i tradycji szybowcowych zwi\u0105zanych szczeg\u00f3lnie z nasz\u0105 miejscowo\u015bci\u0105, stale owocuje patriotycznymi postawami, zaanga\u017cowaniem uczni\u00f3w, nauczycieli&nbsp; jak i ca\u0142ego \u015brodowiska szkolnego, r\u00f3wnie\u017c sukcesami w zakresie nauczania i wychowania. Za spraw\u0105 szybownictwa czujemy si\u0119 wyr\u00f3\u017cnieni w \u015brodowisku lokalnym jak i og\u00f3lnopolskim.<\/p>\n<p><strong>Pami\u0119taj\u0105c o wa\u017cnych rocznicach zorganizowano szkolny konkurs plastyczny pt. \u201eSzybownictwo w Bezmiechowej\u201d<\/strong> w 2 kategoriach wiekowych: dla uczni\u00f3w klas I-III oraz IV-VIII. Spo\u015br\u00f3d 16 prac autorstwa: Sary Wa\u0144cy, Mileny Latusek, \u0141ukasza Grzejszczyka, Mai Szramowiat, Filipa Grzejszczyka, Jagody \u015awierk, Filipa Meneta, Ma\u0142gorzaty Otta, Oskara Plezi, Szymona Latuska, Aleksandry Kabali, Huberta Stachyry, Emilii Skarbi\u0144skiej, Emilii Ba\u0144czak, Martyny Ba\u0144czak, Kordiana Jaje\u015bnicy, jury wy\u0142oni\u0142o po 3 pierwsze miejsca w ka\u017cdej kategorii wiekowej:<\/p>\n<p><strong>Sara Wa\u0144ca &#8211; uczennica kl. III \u2013 I miejsce<\/strong><\/p>\n<p><strong>Milena Latusek \u2013 uczennica kl. III \u2013 II miejsce<\/strong><\/p>\n<p><strong>\u0141ukasz Grzejszczyk \u2013 ucze\u0144 kl. I \u2013 III miejsce<\/strong><\/p>\n<p><strong>Maja Szramowiat \u2013 uczennica kl. V \u2013 I miejsce<\/strong><\/p>\n<p><strong>Filip Grzejszczyk \u2013 ucze\u0144 kl. IV \u2013 II miejsce<\/strong><\/p>\n<p><strong>Jagoda \u015awierk \u2013 uczennica kl. VI \u2013 III miejsce.<\/strong><\/p>\n<p>&nbsp;<\/p>\n<p>Pani dyrektor Agata W\u00f3jcicka serdecznie pogratulowa\u0142a wszystkim uczestnikom konkursu<br \/>\ni wr\u0119czy\u0142a pami\u0105tkowe dyplomy zwyci\u0119zcom. A my \u017cyczymy dzieciom zapa\u0142u do dalszej aktywno\u015bci, ju\u017c po wakacjach, w nowym roku szkolnym.<\/p>\n<p>&nbsp;<\/p>\n<p style=\"text-align: right;\">&nbsp; &nbsp;&nbsp;&nbsp;&nbsp;&nbsp;&nbsp;&nbsp;&nbsp;&nbsp;&nbsp;&nbsp;&nbsp;&nbsp;&nbsp;&nbsp;&nbsp;&nbsp;&nbsp;&nbsp;&nbsp;&nbsp;&nbsp;&nbsp;&nbsp;&nbsp;&nbsp;&nbsp;&nbsp;&nbsp;&nbsp;&nbsp;&nbsp;&nbsp;&nbsp;&nbsp;&nbsp;&nbsp;&nbsp;&nbsp;&nbsp;&nbsp;&nbsp;&nbsp;&nbsp;&nbsp;&nbsp;&nbsp;&nbsp;&nbsp;&nbsp;&nbsp;&nbsp;&nbsp;&nbsp;&nbsp;&nbsp;&nbsp;Tekst: Lucyna Matuszewska<br \/>\nZdj\u0119cia: Bo\u017cena Plezia<\/p>\n<p><!--more--><\/p>\nngg_shortcode_0_placeholder\n<p style=\"text-align: right;\">&nbsp; &nbsp; &nbsp; &nbsp; &nbsp; &nbsp; &nbsp; &nbsp; &nbsp; &nbsp; &nbsp; &nbsp; &nbsp; &nbsp; &nbsp;&nbsp;<\/p>\n","protected":false},"excerpt":{"rendered":"<p>&nbsp; Pami\u0119tamy o 85 rocznicy rekordowego przelotu szybowcowego pilota&nbsp; &nbsp; &nbsp; &nbsp; &nbsp; &nbsp; &nbsp; &nbsp; &nbsp; &nbsp; p. Tadeusza G\u00f3ry oraz o 24 rocznicy nadania naszej szkole imienia \u201eSzybownik\u00f3w Polskich\u201d. &nbsp; Maj i czerwiec to dla naszej szko\u0142y wa\u017cne miesi\u0105ce, mi\u0119dzy innymi z powodu kolejnej okazji uczczenia pami\u0119ci o wybitnym pilocie szybowcowym p. Tadeuszu [&hellip;]<\/p>\n","protected":false},"author":2,"featured_media":15282,"comment_status":"closed","ping_status":"closed","sticky":false,"template":"","format":"standard","meta":{"ngg_post_thumbnail":0,"footnotes":""},"categories":[92,4],"tags":[],"class_list":["post-15281","post","type-post","status-publish","format-standard","has-post-thumbnail","hentry","category-2022-2023","category-aktualnosci"],"_links":{"self":[{"href":"https:\/\/www.spbezmiechowa.pl\/index.php?rest_route=\/wp\/v2\/posts\/15281","targetHints":{"allow":["GET"]}}],"collection":[{"href":"https:\/\/www.spbezmiechowa.pl\/index.php?rest_route=\/wp\/v2\/posts"}],"about":[{"href":"https:\/\/www.spbezmiechowa.pl\/index.php?rest_route=\/wp\/v2\/types\/post"}],"author":[{"embeddable":true,"href":"https:\/\/www.spbezmiechowa.pl\/index.php?rest_route=\/wp\/v2\/users\/2"}],"replies":[{"embeddable":true,"href":"https:\/\/www.spbezmiechowa.pl\/index.php?rest_route=%2Fwp%2Fv2%2Fcomments&post=15281"}],"version-history":[{"count":20,"href":"https:\/\/www.spbezmiechowa.pl\/index.php?rest_route=\/wp\/v2\/posts\/15281\/revisions"}],"predecessor-version":[{"id":15314,"href":"https:\/\/www.spbezmiechowa.pl\/index.php?rest_route=\/wp\/v2\/posts\/15281\/revisions\/15314"}],"wp:featuredmedia":[{"embeddable":true,"href":"https:\/\/www.spbezmiechowa.pl\/index.php?rest_route=\/wp\/v2\/media\/15282"}],"wp:attachment":[{"href":"https:\/\/www.spbezmiechowa.pl\/index.php?rest_route=%2Fwp%2Fv2%2Fmedia&parent=15281"}],"wp:term":[{"taxonomy":"category","embeddable":true,"href":"https:\/\/www.spbezmiechowa.pl\/index.php?rest_route=%2Fwp%2Fv2%2Fcategories&post=15281"},{"taxonomy":"post_tag","embeddable":true,"href":"https:\/\/www.spbezmiechowa.pl\/index.php?rest_route=%2Fwp%2Fv2%2Ftags&post=15281"}],"curies":[{"name":"wp","href":"https:\/\/api.w.org\/{rel}","templated":true}]}}