{"id":15507,"date":"2023-09-05T20:24:07","date_gmt":"2023-09-05T20:24:07","guid":{"rendered":"https:\/\/www.spbezmiechowa.pl\/?p=15507"},"modified":"2025-06-10T20:18:40","modified_gmt":"2025-06-10T20:18:40","slug":"uroczystosc-rozpoczecia-roku-szkolnego-2023-24","status":"publish","type":"post","link":"https:\/\/www.spbezmiechowa.pl\/?p=15507","title":{"rendered":"Uroczysto\u015b\u0107 rozpocz\u0119cia roku szkolnego 2023\/24"},"content":{"rendered":"<p>Zako\u0144czyli\u015bmy wakacje i rozpocz\u0119li nowy rok szkolny 2023\/24 \u2013 czas pe\u0142en wyzwa\u0144, oczekiwa\u0144 i mo\u017cliwo\u015bci, dlatego te\u017c 4 wrze\u015bnia spotkali\u015bmy si\u0119 w naszej szkole na uroczystej akademii.<\/p>\n<p>Na wst\u0119pie pani Dyrektor Agata W\u00f3jcicka powita\u0142a wszystkich przyby\u0142ych go\u015bci \u2013 rodzic\u00f3w, dzieci, nauczycieli oraz pracownik\u00f3w obs\u0142ugi. W swojej wypowiedzi podkre\u015bli\u0142a, \u017ce jak co roku czeka nas wiele wysi\u0142ku i&nbsp; wyt\u0119\u017conej pracy, a na koniec w wersji humorystycznej poda\u0142a przepis na to, co zrobi\u0107 aby w nadchodz\u0105cym czasie wszystko nam si\u0119 uda\u0142o i powiod\u0142o bez wi\u0119kszych problem\u00f3w. Po cz\u0119\u015bci oficjalnej uczennice klasy VI, kt\u00f3re wyst\u0105pi\u0142y w roli konferansjerek, zaprosi\u0142y do ogl\u0105dania cz\u0119\u015bci artystycznej.<\/p>\n<p>W zwi\u0105zku z tym, \u017ce rozpocz\u0119cie roku szkolnego zbiega si\u0119 z rocznic\u0105 wybuchu II wojny \u015bwiatowej to uczniowie klas 4-8 postanowili upami\u0119tni\u0107 tamte wydarzenia i pokaza\u0107 jak wygl\u0105da\u0142y lekcje w czasie okupacji. Swoim wyst\u0119pem u\u015bwiadomili nam, \u017ce nauka by\u0142a cennym darem a m\u0142odzi ludzie podejmowali ogromny trud i bardzo ryzykowali, \u017ceby m\u00f3c si\u0119 uczy\u0107. Dzi\u0119ki rekwizytom z tamtych czas\u00f3w (kaszkiety, marynarki, stara lampa naftowa) uczniowie cho\u0107 troch\u0119 starali si\u0119 odda\u0107 klimat miejsc w kt\u00f3rych prowadzone by\u0142y lekcje.<\/p>\n<p>Warto doda\u0107, \u017ce czasami trzeba pochyli\u0107 si\u0119 nad wspomnianymi wydarzeniami, u\u015bwiadomi\u0107 sobie jak wielki by\u0142 patriotyzm Polak\u00f3w podczas II wojny \u015bwiatowej i doceni\u0107 to, \u017ce obecny \u015bwiat daje nam wolno\u015b\u0107 oraz mo\u017cliwo\u015b\u0107 nauki.<\/p>\n<p>Po wyst\u0119pie uczni\u00f3w pani Dyrektor jeszcze raz podzi\u0119kowa\u0142a przyby\u0142ym go\u015bciom i zaprosi\u0142a poszczeg\u00f3lne klasy na spotkanie z wychowawcami.<\/p>\n<p>Wszystkim uczniom \u017cyczymy wytrwa\u0142o\u015bci i samych dobrych ocen a nauczycielom i rodzicom du\u017co cierpliwo\u015bci oraz&nbsp; inspiracji pedagogicznej na ca\u0142y rok szkolny 2023\/24.<\/p>\n<p>&nbsp;<\/p>\n<p style=\"text-align: right;\">Tekst i zdj\u0119cia: Pawe\u0142 Kr\u00f3l<\/p>\n<p><!--more--><\/p>\nngg_shortcode_0_placeholder\n","protected":false},"excerpt":{"rendered":"<p>Zako\u0144czyli\u015bmy wakacje i rozpocz\u0119li nowy rok szkolny 2023\/24 \u2013 czas pe\u0142en wyzwa\u0144, oczekiwa\u0144 i mo\u017cliwo\u015bci, dlatego te\u017c 4 wrze\u015bnia spotkali\u015bmy si\u0119 w naszej szkole na uroczystej akademii. Na wst\u0119pie pani Dyrektor Agata W\u00f3jcicka powita\u0142a wszystkich przyby\u0142ych go\u015bci \u2013 rodzic\u00f3w, dzieci, nauczycieli oraz pracownik\u00f3w obs\u0142ugi. W swojej wypowiedzi podkre\u015bli\u0142a, \u017ce jak co roku czeka nas wiele [&hellip;]<\/p>\n","protected":false},"author":2,"featured_media":15509,"comment_status":"closed","ping_status":"closed","sticky":false,"template":"","format":"standard","meta":{"ngg_post_thumbnail":0,"footnotes":""},"categories":[91,4],"tags":[],"class_list":["post-15507","post","type-post","status-publish","format-standard","has-post-thumbnail","hentry","category-2023-2024","category-aktualnosci"],"_links":{"self":[{"href":"https:\/\/www.spbezmiechowa.pl\/index.php?rest_route=\/wp\/v2\/posts\/15507","targetHints":{"allow":["GET"]}}],"collection":[{"href":"https:\/\/www.spbezmiechowa.pl\/index.php?rest_route=\/wp\/v2\/posts"}],"about":[{"href":"https:\/\/www.spbezmiechowa.pl\/index.php?rest_route=\/wp\/v2\/types\/post"}],"author":[{"embeddable":true,"href":"https:\/\/www.spbezmiechowa.pl\/index.php?rest_route=\/wp\/v2\/users\/2"}],"replies":[{"embeddable":true,"href":"https:\/\/www.spbezmiechowa.pl\/index.php?rest_route=%2Fwp%2Fv2%2Fcomments&post=15507"}],"version-history":[{"count":4,"href":"https:\/\/www.spbezmiechowa.pl\/index.php?rest_route=\/wp\/v2\/posts\/15507\/revisions"}],"predecessor-version":[{"id":15527,"href":"https:\/\/www.spbezmiechowa.pl\/index.php?rest_route=\/wp\/v2\/posts\/15507\/revisions\/15527"}],"wp:featuredmedia":[{"embeddable":true,"href":"https:\/\/www.spbezmiechowa.pl\/index.php?rest_route=\/wp\/v2\/media\/15509"}],"wp:attachment":[{"href":"https:\/\/www.spbezmiechowa.pl\/index.php?rest_route=%2Fwp%2Fv2%2Fmedia&parent=15507"}],"wp:term":[{"taxonomy":"category","embeddable":true,"href":"https:\/\/www.spbezmiechowa.pl\/index.php?rest_route=%2Fwp%2Fv2%2Fcategories&post=15507"},{"taxonomy":"post_tag","embeddable":true,"href":"https:\/\/www.spbezmiechowa.pl\/index.php?rest_route=%2Fwp%2Fv2%2Ftags&post=15507"}],"curies":[{"name":"wp","href":"https:\/\/api.w.org\/{rel}","templated":true}]}}