{"id":15590,"date":"2023-09-30T13:52:00","date_gmt":"2023-09-30T13:52:00","guid":{"rendered":"https:\/\/www.spbezmiechowa.pl\/?p=15590"},"modified":"2025-06-10T20:18:09","modified_gmt":"2025-06-10T20:18:09","slug":"15590","status":"publish","type":"post","link":"https:\/\/www.spbezmiechowa.pl\/?p=15590","title":{"rendered":"&#8222;Sprz\u0105tanie \u015awiata&#8221; 2023"},"content":{"rendered":"<p>W pi\u0105tek 29 wrze\u015bnia 2023 roku uczniowie naszej szko\u0142y wzi\u0119li udzia\u0142 w akcji \u201eSprz\u0105tanie \u015awiata\u201d. Wyposa\u017ceni w r\u0119kawice i worki na \u015bmieci oraz dobry humor wyruszyli sprz\u0105ta\u0107 okolice szko\u0142y, a tak\u017ce&nbsp; teren Bezmiechowej G\u00f3rnej i Bezmiechowej Dolnej.<\/p>\n<p>Przedszkolaki pod opiek\u0105 p. Magdaleny Krasulak sprz\u0105ta\u0142y teren wok\u00f3\u0142 szko\u0142y a klasa pierwsza pod opiek\u0105 p. Joanny Latusek uprz\u0105tn\u0119\u0142a przydro\u017cne rowy przed szko\u0142\u0105 oraz parking przed sklepem \u201ePiotru\u015b Pan\u201d. Klasy druga, trzecia a tak\u017ce pi\u0105ta pod opiek\u0105 p. Janusza Kurconia oraz p. Paw\u0142a Kr\u00f3la posprz\u0105ta\u0142y przydro\u017cne rowy od budynku szkolnego do skrzy\u017cowania w Bezmiechowej G\u00f3rnej i parkingi przy obydwu ko\u015bcio\u0142ach. Natomiast klasy czwarta i sz\u00f3sta pod opiek\u0105 p. Anny Wn\u0119k i p. Moniki Czech uprz\u0105tn\u0119\u0142y przydro\u017cne rowy od szko\u0142y do \u015bwietlicy w Bezmiechowej Dolnej. Dwie najstarsze klasy tj. si\u00f3dma i \u00f3sma wraz ze swoimi wychowawczyniami p. Agnieszk\u0105 Wa\u0144ca i p. Bo\u017cen\u0105 Plezia uporz\u0105dkowa\u0142y teren wok\u00f3\u0142 obeliska i \u015bwietlicy w Bezmiechowej G\u00f3rnej, a w drodze powrotnej przydro\u017cne rowy od \u015bwietlicy do skrzy\u017cowania.<\/p>\n<p>Takie akcje s\u0105 potrzebne i maj\u0105 na celu budowanie \u015bwiadomo\u015bci ekologicznej w\u015br\u00f3d m\u0142odzie\u017cy. Ka\u017cdy z nas powinien czu\u0107 si\u0119 odpowiedzialny za swoje otoczenie&nbsp; i dba\u0107 o nie. Warto przy tym nadmieni\u0107, \u017ce co roku \u015bmieci jest coraz mniej, gdy\u017c mieszka\u0144cy dbaj\u0105 o swoj\u0105 posesj\u0119, wykaszaj\u0105 traw\u0119 i nie za\u015bmiecaj\u0105 row\u00f3w.<\/p>\n<p style=\"text-align: right;\">Tekst: Janusz Kurco\u0144<\/p>\n<p><!--more--><\/p>\nngg_shortcode_0_placeholder\n<p>&nbsp;<\/p>\n","protected":false},"excerpt":{"rendered":"<p>W pi\u0105tek 29 wrze\u015bnia 2023 roku uczniowie naszej szko\u0142y wzi\u0119li udzia\u0142 w akcji \u201eSprz\u0105tanie \u015awiata\u201d. Wyposa\u017ceni w r\u0119kawice i worki na \u015bmieci oraz dobry humor wyruszyli sprz\u0105ta\u0107 okolice szko\u0142y, a tak\u017ce&nbsp; teren Bezmiechowej G\u00f3rnej i Bezmiechowej Dolnej. Przedszkolaki pod opiek\u0105 p. Magdaleny Krasulak sprz\u0105ta\u0142y teren wok\u00f3\u0142 szko\u0142y a klasa pierwsza pod opiek\u0105 p. Joanny Latusek [&hellip;]<\/p>\n","protected":false},"author":2,"featured_media":15597,"comment_status":"closed","ping_status":"closed","sticky":false,"template":"","format":"standard","meta":{"ngg_post_thumbnail":0,"footnotes":""},"categories":[91,4],"tags":[],"class_list":["post-15590","post","type-post","status-publish","format-standard","has-post-thumbnail","hentry","category-2023-2024","category-aktualnosci"],"_links":{"self":[{"href":"https:\/\/www.spbezmiechowa.pl\/index.php?rest_route=\/wp\/v2\/posts\/15590","targetHints":{"allow":["GET"]}}],"collection":[{"href":"https:\/\/www.spbezmiechowa.pl\/index.php?rest_route=\/wp\/v2\/posts"}],"about":[{"href":"https:\/\/www.spbezmiechowa.pl\/index.php?rest_route=\/wp\/v2\/types\/post"}],"author":[{"embeddable":true,"href":"https:\/\/www.spbezmiechowa.pl\/index.php?rest_route=\/wp\/v2\/users\/2"}],"replies":[{"embeddable":true,"href":"https:\/\/www.spbezmiechowa.pl\/index.php?rest_route=%2Fwp%2Fv2%2Fcomments&post=15590"}],"version-history":[{"count":5,"href":"https:\/\/www.spbezmiechowa.pl\/index.php?rest_route=\/wp\/v2\/posts\/15590\/revisions"}],"predecessor-version":[{"id":15627,"href":"https:\/\/www.spbezmiechowa.pl\/index.php?rest_route=\/wp\/v2\/posts\/15590\/revisions\/15627"}],"wp:featuredmedia":[{"embeddable":true,"href":"https:\/\/www.spbezmiechowa.pl\/index.php?rest_route=\/wp\/v2\/media\/15597"}],"wp:attachment":[{"href":"https:\/\/www.spbezmiechowa.pl\/index.php?rest_route=%2Fwp%2Fv2%2Fmedia&parent=15590"}],"wp:term":[{"taxonomy":"category","embeddable":true,"href":"https:\/\/www.spbezmiechowa.pl\/index.php?rest_route=%2Fwp%2Fv2%2Fcategories&post=15590"},{"taxonomy":"post_tag","embeddable":true,"href":"https:\/\/www.spbezmiechowa.pl\/index.php?rest_route=%2Fwp%2Fv2%2Ftags&post=15590"}],"curies":[{"name":"wp","href":"https:\/\/api.w.org\/{rel}","templated":true}]}}