{"id":15755,"date":"2023-11-10T17:43:00","date_gmt":"2023-11-10T17:43:00","guid":{"rendered":"https:\/\/www.spbezmiechowa.pl\/?p=15755"},"modified":"2025-06-10T20:16:57","modified_gmt":"2025-06-10T20:16:57","slug":"swieto-niepodleglosci-w-naszej-szkole-2","status":"publish","type":"post","link":"https:\/\/www.spbezmiechowa.pl\/?p=15755","title":{"rendered":"\u015awi\u0119to Niepodleg\u0142o\u015bci w naszej szkole"},"content":{"rendered":"<p>10 listopada 2023 r. w naszej szkole \u015bwi\u0119towali\u015bmy 105. rocznic\u0119 odzyskania przez Polsk\u0119 niepodleg\u0142o\u015bci. Z tej okazji odby\u0142a si\u0119 uroczysta akademia, kt\u00f3ra mia\u0142a nie tylko przypomnie\u0107 tamte ci\u0119\u017ckie czasy, ale tak\u017ce wzbudzi\u0107 w nas refleksje.<\/p>\n<p>Cz\u0119\u015b\u0107 artystyczna wprowadzi\u0142a zgromadzonych w atmosfer\u0119 wydarze\u0144 poprzedzaj\u0105cych dat\u0119 11 listopada 1918 roku. W skr\u00f3cie zobrazowano sytuacj\u0119 polityczn\u0105 kraju, jaka mia\u0142a miejsce przed odzyskaniem przez Polsk\u0119 niepodleg\u0142o\u015bci. Jednak najwi\u0119kszy nacisk po\u0142o\u017cono na ukazanie ducha narodu polskiego, kt\u00f3ry w czasie 123 lat niewoli, stale wychodzi\u0142 z inicjatyw\u0105 walki za ojczyzn\u0119.<\/p>\n<p>Uczniowie klas II, III, IV, V, VI i VIII pod opiek\u0105 pana Paw\u0142a Krasulaka przygotowali pi\u0119kny program artystyczny. Recytowali wiersze i \u015bpiewali pie\u015bni patriotyczne, kt\u00f3re pozwoli\u0142y zrozumie\u0107 rozterki i uczucia walcz\u0105cych o niepodleg\u0142o\u015b\u0107. Ca\u0142o\u015b\u0107 zosta\u0142a wzbogacona prezentacj\u0105 multimedialn\u0105 i uwie\u0144czona uroczystym od\u015bpiewaniem hymnu narodowego.&nbsp;<\/p>\n<p>To \u015awi\u0119to sprawia, \u017ce w zabieganym \u017cyciu stajemy na chwilk\u0119 i wspominamy naszych dziadk\u00f3w i pradziadk\u00f3w walcz\u0105cych o wolno\u015b\u0107. Sk\u0142adamy kwiaty pod pomnikami tych, kt\u00f3rzy po\u015bwi\u0119cili dla nas \u017cycie. Dzie\u0144 ten dla wielu jest lekcj\u0105 patriotyzmu i historii.<\/p>\n<p>Uczestnicz\u0105c corocznie w obchodach \u015awi\u0119ta Niepodleg\u0142o\u015bci dajemy wyraz pami\u0119ci o tych wszystkich, dzi\u0119ki kt\u00f3rym \u017cyjemy dzisiaj w wolnej Polsce.<\/p>\n<p style=\"text-align: right;\">Tekst: Bo\u017cena Plezia<br \/>\nZdj\u0119cia: Pawe\u0142 Kr\u00f3l<\/p>\n<div style=\"width: 848px;\" class=\"wp-video\"><!--[if lt IE 9]><script>document.createElement('video');<\/script><![endif]-->\n<video class=\"wp-video-shortcode\" id=\"video-15755-1\" width=\"848\" height=\"480\" preload=\"metadata\" controls=\"controls\"><source type=\"video\/mp4\" src=\"https:\/\/www.spbezmiechowa.pl\/wp-content\/uploads\/wordpress\/VID-20231110-WA0000.mp4?_=1\" \/><a href=\"https:\/\/www.spbezmiechowa.pl\/wp-content\/uploads\/wordpress\/VID-20231110-WA0000.mp4\">https:\/\/www.spbezmiechowa.pl\/wp-content\/uploads\/wordpress\/VID-20231110-WA0000.mp4<\/a><\/video><\/div>\n<p><!--more--><\/p>\nngg_shortcode_0_placeholder\n","protected":false},"excerpt":{"rendered":"<p>10 listopada 2023 r. w naszej szkole \u015bwi\u0119towali\u015bmy 105. rocznic\u0119 odzyskania przez Polsk\u0119 niepodleg\u0142o\u015bci. Z tej okazji odby\u0142a si\u0119 uroczysta akademia, kt\u00f3ra mia\u0142a nie tylko przypomnie\u0107 tamte ci\u0119\u017ckie czasy, ale tak\u017ce wzbudzi\u0107 w nas refleksje. Cz\u0119\u015b\u0107 artystyczna wprowadzi\u0142a zgromadzonych w atmosfer\u0119 wydarze\u0144 poprzedzaj\u0105cych dat\u0119 11 listopada 1918 roku. W skr\u00f3cie zobrazowano sytuacj\u0119 polityczn\u0105 kraju, jaka [&hellip;]<\/p>\n","protected":false},"author":2,"featured_media":15758,"comment_status":"closed","ping_status":"closed","sticky":false,"template":"","format":"standard","meta":{"ngg_post_thumbnail":0,"footnotes":""},"categories":[91,4],"tags":[],"class_list":["post-15755","post","type-post","status-publish","format-standard","has-post-thumbnail","hentry","category-2023-2024","category-aktualnosci"],"_links":{"self":[{"href":"https:\/\/www.spbezmiechowa.pl\/index.php?rest_route=\/wp\/v2\/posts\/15755","targetHints":{"allow":["GET"]}}],"collection":[{"href":"https:\/\/www.spbezmiechowa.pl\/index.php?rest_route=\/wp\/v2\/posts"}],"about":[{"href":"https:\/\/www.spbezmiechowa.pl\/index.php?rest_route=\/wp\/v2\/types\/post"}],"author":[{"embeddable":true,"href":"https:\/\/www.spbezmiechowa.pl\/index.php?rest_route=\/wp\/v2\/users\/2"}],"replies":[{"embeddable":true,"href":"https:\/\/www.spbezmiechowa.pl\/index.php?rest_route=%2Fwp%2Fv2%2Fcomments&post=15755"}],"version-history":[{"count":6,"href":"https:\/\/www.spbezmiechowa.pl\/index.php?rest_route=\/wp\/v2\/posts\/15755\/revisions"}],"predecessor-version":[{"id":15784,"href":"https:\/\/www.spbezmiechowa.pl\/index.php?rest_route=\/wp\/v2\/posts\/15755\/revisions\/15784"}],"wp:featuredmedia":[{"embeddable":true,"href":"https:\/\/www.spbezmiechowa.pl\/index.php?rest_route=\/wp\/v2\/media\/15758"}],"wp:attachment":[{"href":"https:\/\/www.spbezmiechowa.pl\/index.php?rest_route=%2Fwp%2Fv2%2Fmedia&parent=15755"}],"wp:term":[{"taxonomy":"category","embeddable":true,"href":"https:\/\/www.spbezmiechowa.pl\/index.php?rest_route=%2Fwp%2Fv2%2Fcategories&post=15755"},{"taxonomy":"post_tag","embeddable":true,"href":"https:\/\/www.spbezmiechowa.pl\/index.php?rest_route=%2Fwp%2Fv2%2Ftags&post=15755"}],"curies":[{"name":"wp","href":"https:\/\/api.w.org\/{rel}","templated":true}]}}