{"id":15939,"date":"2023-12-15T14:26:11","date_gmt":"2023-12-15T14:26:11","guid":{"rendered":"https:\/\/www.spbezmiechowa.pl\/?p=15939"},"modified":"2025-06-10T20:15:36","modified_gmt":"2025-06-10T20:15:36","slug":"caly-swiat-czeka-juz-na-swiateczny-czas-koled-spiew-potraw-won-i-choinki-blask","status":"publish","type":"post","link":"https:\/\/www.spbezmiechowa.pl\/?p=15939","title":{"rendered":"\u201eCa\u0142y \u015bwiat czeka ju\u017c na \u015bwi\u0105teczny czas, kol\u0119d \u015bpiew, potraw wo\u0144 i choinki blask&#8230;&#8221;"},"content":{"rendered":"<p>&nbsp;<\/p>\n<p>Grudzie\u0144 to szczeg\u00f3lny czas, kiedy wielkimi krokami zbli\u017caj\u0105 si\u0119 \u015awi\u0119ta Bo\u017cego Narodzenia. To okres &nbsp;r\u00f3\u017cnych przygotowa\u0144 w tym te\u017c ozd\u00f3b \u015bwi\u0105tecznych.<\/p>\n<p>Z tej to okazji 14 grudnia, przedszkolaki oraz wszyscy&nbsp; uczniowie naszej szko\u0142y, uczestniczyli w warsztatach bo\u017cenarodzeniowych, kt\u00f3re poprowadzi\u0142a florystka pani Stanis\u0142awa Kardasz. Dzia\u0142ania plastyczne wspiera\u0142y r\u00f3wnie\u017c panie wo\u017ane oraz nauczyciele.<\/p>\n<p>Dzieci pod kierunkiem prowadz\u0105cej, wykona\u0142y stroiki \u015bwi\u0105teczne. Wszyscy, ci m\u0142odsi jak i starsi wykazali si\u0119 ogromnym zaanga\u017cowaniem. Aktywnie i z uwag\u0105 wykonywa\u0142y polecenia pani Stanis\u0142awy. Stroiki wysz\u0142y przepi\u0119knie, dzieci dumnie prezentowa\u0142y swoje prace.<\/p>\n<p>Podczas takich zaj\u0119\u0107, uczestnicy zdobywaj\u0105 tw\u00f3rcze kompetencje, rozwijaj\u0105 wra\u017cliwo\u015b\u0107 artystyczn\u0105, kultur\u0119 estetyczn\u0105, umiej\u0119tno\u015b\u0107 wsp\u00f3\u0142dzia\u0142ania w grupie, jednocze\u015bnie integruj\u0105 si\u0119 jako grupa.<\/p>\n<p>Jeszcze raz, sk\u0142adamy serdeczne podzi\u0119kowania pani Stanis\u0142awie za po\u015bwi\u0119cony czas i poprowadzenie zaj\u0119\u0107.<\/p>\n<p>&nbsp;<\/p>\n<p style=\"text-align: right;\">Tekst i zdj\u0119cia: Joanna Latusek<\/p>\n<p><!--more--><\/p>\nngg_shortcode_0_placeholder\n","protected":false},"excerpt":{"rendered":"<p>&nbsp; Grudzie\u0144 to szczeg\u00f3lny czas, kiedy wielkimi krokami zbli\u017caj\u0105 si\u0119 \u015awi\u0119ta Bo\u017cego Narodzenia. To okres &nbsp;r\u00f3\u017cnych przygotowa\u0144 w tym te\u017c ozd\u00f3b \u015bwi\u0105tecznych. Z tej to okazji 14 grudnia, przedszkolaki oraz wszyscy&nbsp; uczniowie naszej szko\u0142y, uczestniczyli w warsztatach bo\u017cenarodzeniowych, kt\u00f3re poprowadzi\u0142a florystka pani Stanis\u0142awa Kardasz. Dzia\u0142ania plastyczne wspiera\u0142y r\u00f3wnie\u017c panie wo\u017ane oraz nauczyciele. Dzieci pod kierunkiem [&hellip;]<\/p>\n","protected":false},"author":2,"featured_media":15940,"comment_status":"closed","ping_status":"closed","sticky":false,"template":"","format":"standard","meta":{"ngg_post_thumbnail":0,"footnotes":""},"categories":[91,4],"tags":[],"class_list":["post-15939","post","type-post","status-publish","format-standard","has-post-thumbnail","hentry","category-2023-2024","category-aktualnosci"],"_links":{"self":[{"href":"https:\/\/www.spbezmiechowa.pl\/index.php?rest_route=\/wp\/v2\/posts\/15939","targetHints":{"allow":["GET"]}}],"collection":[{"href":"https:\/\/www.spbezmiechowa.pl\/index.php?rest_route=\/wp\/v2\/posts"}],"about":[{"href":"https:\/\/www.spbezmiechowa.pl\/index.php?rest_route=\/wp\/v2\/types\/post"}],"author":[{"embeddable":true,"href":"https:\/\/www.spbezmiechowa.pl\/index.php?rest_route=\/wp\/v2\/users\/2"}],"replies":[{"embeddable":true,"href":"https:\/\/www.spbezmiechowa.pl\/index.php?rest_route=%2Fwp%2Fv2%2Fcomments&post=15939"}],"version-history":[{"count":2,"href":"https:\/\/www.spbezmiechowa.pl\/index.php?rest_route=\/wp\/v2\/posts\/15939\/revisions"}],"predecessor-version":[{"id":15942,"href":"https:\/\/www.spbezmiechowa.pl\/index.php?rest_route=\/wp\/v2\/posts\/15939\/revisions\/15942"}],"wp:featuredmedia":[{"embeddable":true,"href":"https:\/\/www.spbezmiechowa.pl\/index.php?rest_route=\/wp\/v2\/media\/15940"}],"wp:attachment":[{"href":"https:\/\/www.spbezmiechowa.pl\/index.php?rest_route=%2Fwp%2Fv2%2Fmedia&parent=15939"}],"wp:term":[{"taxonomy":"category","embeddable":true,"href":"https:\/\/www.spbezmiechowa.pl\/index.php?rest_route=%2Fwp%2Fv2%2Fcategories&post=15939"},{"taxonomy":"post_tag","embeddable":true,"href":"https:\/\/www.spbezmiechowa.pl\/index.php?rest_route=%2Fwp%2Fv2%2Ftags&post=15939"}],"curies":[{"name":"wp","href":"https:\/\/api.w.org\/{rel}","templated":true}]}}