{"id":1608,"date":"2012-10-10T09:24:20","date_gmt":"2012-10-10T09:24:20","guid":{"rendered":"https:\/\/www.spbezmiechowa.pl\/?p=1608"},"modified":"2025-06-10T21:26:03","modified_gmt":"2025-06-10T21:26:03","slug":"obrzed-dozynek-w-przedszkolu","status":"publish","type":"post","link":"https:\/\/www.spbezmiechowa.pl\/?p=1608","title":{"rendered":"Obrz\u0119d do\u017cynek w przedszkolu"},"content":{"rendered":"<p>9 pa\u017adziernika 2012r. przedszkolaki z Punktu Przedszkolnego w Bezmiechowej i uczniowie\u00a0\u00a0 k\u00f3\u0142ka\u00a0 tanecznego Ogniska Pracy Pozaszkolnej w Lesku, przedstawi\u0142y obrz\u0119d do\u017cynek dla Rodzic\u00f3w, Nauczycieli i dzieci szkolnych.<\/p>\n<p>Stary obrz\u0119d do\u017cynek rozpocz\u0105\u0142 si\u0119 barwnym korowodem dzieci ubranych w stroje ludowe, z wie\u0144cem i koszykami nape\u0142nionymi owocami, warzywami &#8211; tegorocznym plonem zebranym z p\u00f3l.<\/p>\n<p>Nauczycielki przedszkola Zofia Przyg\u00f3rzewska i Kamila Matuszewska zaprosi\u0142y Staro\u015bcin\u0119 do\u017cynek (dyrektora szko\u0142y &#8211; Lucyn\u0119 Matuszewsk\u0105) oraz starost\u0119 (nauczyciela historii &#8211; Janusza Kurconia) do przyj\u0119cia plon\u00f3w. W tym czasie id\u0105cy korow\u00f3d \u015bpiewa\u0142 star\u0105, tradycyjn\u0105 pie\u015b\u0144 do\u017cynkow\u0105 \u201ePlon niesiemy plon\u201d. Gospodarze do\u017cynkowi odebrali wieniec, chleb z tegorocznych zb\u00f3\u017c, warzywa i owoce.<\/p>\n<p>Przedszkolaki recytowa\u0142y kr\u00f3tkie wierszyki o tematyce do\u017cynkowej. Staro\u015bcina i Starosta cz\u0119stowali wszystkich dooko\u0142a chrupi\u0105cymi bu\u0142eczkami z dorodnej pszenicy, kt\u00f3rych fundatorem by\u0142a Pani Monika Miko\u0142ajczak.<br \/>\nPo pocz\u0119stunku rozpocz\u0119\u0142y si\u0119 zabawy taneczne. Przedszkolaki ta\u0144czy\u0142y \u201eBuraczka i cebulk\u0119\u201d. Dzieci z k\u00f3\u0142ka tanecznego Ogniska Pracy Pozaszkolnej przedstawi\u0142y zabawy taneczne: \u201eMa\u0142o nas\u201d, \u201e Posz\u0142o dziewcz\u0119\u201d.<br \/>\nBabcia Wiktora Skarbi\u0144skiego dla wszystkich bior\u0105cych udzia\u0142 w do\u017cynkach i ogl\u0105daj\u0105cych uroczysto\u015b\u0107 upiek\u0142a pyszne kruche ciasteczka.<br \/>\nPani Zofia Mularz upiek\u0142a chleb do\u017cynkowy i pomaga\u0142a w dekoracji do\u017cynkowej.<br \/>\nPanie Maria Latusek i Kamila \u017be\u0144czakowska\u00a0 przygotowa\u0142y ze swoich produkt\u00f3w smaczne kanapki, a Pani Agnieszka Wa\u0144ca cz\u0119stowa\u0142a wszystkich warzywn\u0105 sa\u0142atk\u0105.<br \/>\nDorodne warzywa i owoce w koszykach by\u0142y od Pani Czes\u0142awy Wa\u0144ca (babci Natalii).<\/p>\n<p>Serdecznie dzi\u0119kuj\u0119 wszystkim za pomoc w organizacji do\u017cynek.<\/p>\n<p style=\"text-align: right;\">\u00a0Zofia Przyg\u00f3rzewska<\/p>\n<p style=\"text-align: left;\"><!--more--><\/p>\n<p style=\"text-align: left;\">ngg_shortcode_0_placeholder<\/p>\n","protected":false},"excerpt":{"rendered":"<p>9 pa\u017adziernika 2012r. przedszkolaki z Punktu Przedszkolnego w Bezmiechowej i uczniowie\u00a0\u00a0 k\u00f3\u0142ka\u00a0 tanecznego Ogniska Pracy Pozaszkolnej w Lesku, przedstawi\u0142y obrz\u0119d do\u017cynek dla Rodzic\u00f3w, Nauczycieli i dzieci szkolnych. Stary obrz\u0119d do\u017cynek rozpocz\u0105\u0142 si\u0119 barwnym korowodem dzieci ubranych w stroje ludowe, z wie\u0144cem i koszykami nape\u0142nionymi owocami, warzywami &#8211; tegorocznym plonem zebranym z p\u00f3l. Nauczycielki przedszkola Zofia [&hellip;]<\/p>\n","protected":false},"author":2,"featured_media":1614,"comment_status":"closed","ping_status":"open","sticky":false,"template":"","format":"standard","meta":{"ngg_post_thumbnail":0,"footnotes":""},"categories":[103,4],"tags":[],"class_list":["post-1608","post","type-post","status-publish","format-standard","has-post-thumbnail","hentry","category-2012-2013","category-aktualnosci"],"_links":{"self":[{"href":"https:\/\/www.spbezmiechowa.pl\/index.php?rest_route=\/wp\/v2\/posts\/1608","targetHints":{"allow":["GET"]}}],"collection":[{"href":"https:\/\/www.spbezmiechowa.pl\/index.php?rest_route=\/wp\/v2\/posts"}],"about":[{"href":"https:\/\/www.spbezmiechowa.pl\/index.php?rest_route=\/wp\/v2\/types\/post"}],"author":[{"embeddable":true,"href":"https:\/\/www.spbezmiechowa.pl\/index.php?rest_route=\/wp\/v2\/users\/2"}],"replies":[{"embeddable":true,"href":"https:\/\/www.spbezmiechowa.pl\/index.php?rest_route=%2Fwp%2Fv2%2Fcomments&post=1608"}],"version-history":[{"count":1,"href":"https:\/\/www.spbezmiechowa.pl\/index.php?rest_route=\/wp\/v2\/posts\/1608\/revisions"}],"predecessor-version":[{"id":18418,"href":"https:\/\/www.spbezmiechowa.pl\/index.php?rest_route=\/wp\/v2\/posts\/1608\/revisions\/18418"}],"wp:featuredmedia":[{"embeddable":true,"href":"https:\/\/www.spbezmiechowa.pl\/index.php?rest_route=\/wp\/v2\/media\/1614"}],"wp:attachment":[{"href":"https:\/\/www.spbezmiechowa.pl\/index.php?rest_route=%2Fwp%2Fv2%2Fmedia&parent=1608"}],"wp:term":[{"taxonomy":"category","embeddable":true,"href":"https:\/\/www.spbezmiechowa.pl\/index.php?rest_route=%2Fwp%2Fv2%2Fcategories&post=1608"},{"taxonomy":"post_tag","embeddable":true,"href":"https:\/\/www.spbezmiechowa.pl\/index.php?rest_route=%2Fwp%2Fv2%2Ftags&post=1608"}],"curies":[{"name":"wp","href":"https:\/\/api.w.org\/{rel}","templated":true}]}}