{"id":1718,"date":"2013-01-23T17:59:35","date_gmt":"2013-01-23T17:59:35","guid":{"rendered":"https:\/\/www.spbezmiechowa.pl\/?p=1718"},"modified":"2025-06-10T21:24:47","modified_gmt":"2025-06-10T21:24:47","slug":"uroczysty-dzien-babci-i-dziadzia","status":"publish","type":"post","link":"https:\/\/www.spbezmiechowa.pl\/?p=1718","title":{"rendered":"Uroczysty Dzie\u0144 Babci i Dziadzia"},"content":{"rendered":"<p>Od wielu ju\u017c lat w kalendarz uroczysto\u015bci naszej szko\u0142y na sta\u0142e wpisany jest Dzie\u0144 Babci i Dziadzia. Uroczysto\u015b\u0107 ta jest przygotowywana przez uczni\u00f3w naszej szko\u0142y. Tak samo by\u0142o i w tym roku.<\/p>\n<p>22 lutego uczniowie pod opiek\u0105 swoich wychowawc\u00f3w przygotowali program artystyczny dla swoich bardzo licznie przyby\u0142ych Bab\u0107 i Dziadk\u00f3w. Wspania\u0142a publiczno\u015b\u0107 podziwia\u0142a i gromko oklaskiwa\u0142a swoje ukochane wnuki, kt\u00f3re ta\u0144czy\u0142y, recytowa\u0142y wiersze, rado\u015bnie \u015bpiewa\u0142y piosenki. Dodatkowo starsi uczniowie przygotowali kr\u00f3tkie przedstawienie o Zielonym Kapturku, kt\u00f3rego nie zjad\u0142 wilk tylko i wy\u0142\u0105cznie dlatego, \u017ce owy Zielony Kapturek by\u0142 \u2026 bardzo irytuj\u0105cy.<\/p>\n<p>Babcie i Dziadkowie nie \u017ca\u0142owali pochwa\u0142 dla swoich wnuk\u00f3w. Nie da si\u0119 tu ukry\u0107, \u017ce to w\u0142a\u015bnie ONI s\u0105 \u201enajlepszymi\u201d odbiorcami \u201esztuki\u201d dzieci\u0119cej.<\/p>\n<p>W dalszej cz\u0119\u015bci uroczysto\u015bci mili go\u015bcie zostali ugoszczeni s\u0142odkim pocz\u0119stunkiem.<\/p>\n<p>Kochanym Babciom i Dziadziom\u00a0 jeszcze raz \u017cyczymy samych pi\u0119knych chwil w \u017cyciu, zdrowia, rado\u015bci i tego, \u017ceby zawsze byli dumni ze swoich wnuk\u00f3w.<br \/>\n<!--more-->ngg_shortcode_0_placeholder<\/p>\n","protected":false},"excerpt":{"rendered":"<p>Od wielu ju\u017c lat w kalendarz uroczysto\u015bci naszej szko\u0142y na sta\u0142e wpisany jest Dzie\u0144 Babci i Dziadzia. Uroczysto\u015b\u0107 ta jest przygotowywana przez uczni\u00f3w naszej szko\u0142y. Tak samo by\u0142o i w tym roku. 22 lutego uczniowie pod opiek\u0105 swoich wychowawc\u00f3w przygotowali program artystyczny dla swoich bardzo licznie przyby\u0142ych Bab\u0107 i Dziadk\u00f3w. Wspania\u0142a publiczno\u015b\u0107 podziwia\u0142a i gromko [&hellip;]<\/p>\n","protected":false},"author":2,"featured_media":0,"comment_status":"closed","ping_status":"open","sticky":false,"template":"","format":"standard","meta":{"ngg_post_thumbnail":0,"footnotes":""},"categories":[103,4],"tags":[],"class_list":["post-1718","post","type-post","status-publish","format-standard","hentry","category-2012-2013","category-aktualnosci"],"_links":{"self":[{"href":"https:\/\/www.spbezmiechowa.pl\/index.php?rest_route=\/wp\/v2\/posts\/1718","targetHints":{"allow":["GET"]}}],"collection":[{"href":"https:\/\/www.spbezmiechowa.pl\/index.php?rest_route=\/wp\/v2\/posts"}],"about":[{"href":"https:\/\/www.spbezmiechowa.pl\/index.php?rest_route=\/wp\/v2\/types\/post"}],"author":[{"embeddable":true,"href":"https:\/\/www.spbezmiechowa.pl\/index.php?rest_route=\/wp\/v2\/users\/2"}],"replies":[{"embeddable":true,"href":"https:\/\/www.spbezmiechowa.pl\/index.php?rest_route=%2Fwp%2Fv2%2Fcomments&post=1718"}],"version-history":[{"count":1,"href":"https:\/\/www.spbezmiechowa.pl\/index.php?rest_route=\/wp\/v2\/posts\/1718\/revisions"}],"predecessor-version":[{"id":5862,"href":"https:\/\/www.spbezmiechowa.pl\/index.php?rest_route=\/wp\/v2\/posts\/1718\/revisions\/5862"}],"wp:attachment":[{"href":"https:\/\/www.spbezmiechowa.pl\/index.php?rest_route=%2Fwp%2Fv2%2Fmedia&parent=1718"}],"wp:term":[{"taxonomy":"category","embeddable":true,"href":"https:\/\/www.spbezmiechowa.pl\/index.php?rest_route=%2Fwp%2Fv2%2Fcategories&post=1718"},{"taxonomy":"post_tag","embeddable":true,"href":"https:\/\/www.spbezmiechowa.pl\/index.php?rest_route=%2Fwp%2Fv2%2Ftags&post=1718"}],"curies":[{"name":"wp","href":"https:\/\/api.w.org\/{rel}","templated":true}]}}