{"id":17287,"date":"2024-09-30T18:44:14","date_gmt":"2024-09-30T18:44:14","guid":{"rendered":"https:\/\/www.spbezmiechowa.pl\/?p=17287"},"modified":"2025-06-10T20:06:55","modified_gmt":"2025-06-10T20:06:55","slug":"wybory-do-samorzadu-szkolnego","status":"publish","type":"post","link":"https:\/\/www.spbezmiechowa.pl\/?p=17287","title":{"rendered":"Wybory do Samorz\u0105du Uczniowskiego"},"content":{"rendered":"<div>&nbsp;<\/div>\n<div style=\"text-align: right;\"><em>&#8222;Samorz\u0105d jest to w\u0142a\u015bciwie praca organizowana po to,<\/em><\/div>\n<div style=\"text-align: right;\"><em>aby jednakowo dobrze dzia\u0142o si\u0119 wszystkim,<\/em><\/div>\n<div style=\"text-align: right;\">&nbsp;<\/div>\n<div style=\"text-align: right;\"><em>kt\u00f3rzy razem ucz\u0105 si\u0119, dzia\u0142aj\u0105&#8230;,<\/em><\/div>\n<div style=\"text-align: right;\"><em>\u017ceby jeden drugiego nie krzywdzi\u0142, nie przeszkadza\u0142, nie dokucza\u0142&#8230;,<\/em><\/div>\n<div style=\"text-align: right;\"><em>\u017ceby \u015bwiadczy\u0142 przys\u0142ugi, pomaga\u0142, opiekowa\u0142 si\u0119,<\/em><\/div>\n<div style=\"text-align: right;\">&nbsp;<\/div>\n<div style=\"text-align: right;\"><em>pilnowa\u0142 porz\u0105dku i praworz\u0105dno\u015bci&#8230;<\/em><\/div>\n<div style=\"text-align: right;\"><em>to nie tylko praca, ale i walka&#8230;<\/em><\/div>\n<div style=\"text-align: right;\"><em>w obronie porz\u0105dnych, dzielnych i s\u0142abych, przeciwko wrogom porz\u0105dku i sprawiedliwo\u015bci&#8230;&#8221;.<\/em><\/div>\n<div style=\"text-align: right;\"><em>&nbsp; &nbsp; &nbsp; &nbsp; &nbsp; &nbsp; &nbsp; &nbsp; &nbsp; &nbsp; &nbsp; &nbsp; &nbsp; &nbsp; &nbsp; &nbsp; &nbsp; &nbsp; &nbsp; &nbsp; &nbsp; &nbsp; &nbsp; &nbsp; &nbsp; &nbsp; &nbsp; &nbsp; &nbsp; &nbsp; &nbsp; &nbsp; &nbsp; &nbsp; &nbsp; &nbsp; &nbsp; &nbsp; &nbsp; &nbsp; &nbsp; &nbsp; &nbsp; &nbsp; &nbsp; &nbsp; &nbsp; &nbsp; &nbsp; &nbsp; &nbsp; &nbsp; &nbsp; &nbsp; &nbsp; &nbsp; &nbsp; &nbsp; &nbsp; &nbsp; &nbsp; &nbsp;Janusz Korczak<\/em><\/div>\n<div style=\"text-align: right;\">&nbsp;<\/div>\n<div>&nbsp;<\/div>\n<div>30 wrze\u015bnia w naszej szkole odby\u0142y si\u0119 wybory do Samorz\u0105du Szkolnego. Kandydaci ubiegaj\u0105cy si\u0119 o funkcj\u0119 w samorz\u0105dzie mieli okazj\u0119 przedstawi\u0107 swoje programy, kt\u00f3re od paru dni by\u0142y zawieszone na tablicy na korytarzu. Ka\u017cdy m\u00f3g\u0142 si\u0119 z nim zapozna\u0107, by podj\u0105\u0107 decyzj\u0119. Nie zabrak\u0142o chwytliwych postulat\u00f3w:&nbsp; \u201edzie\u0144 bez jedynki\u201d czy \u201ewi\u0119ksza ilo\u015b\u0107 dyskotek\u201d.<\/div>\n<div>&nbsp;<\/div>\n<div>Ka\u017cdy z uczni\u00f3w naszej szko\u0142y m\u00f3g\u0142 odda\u0107 g\u0142os na swojego kandydata. Nad ca\u0142o\u015bci\u0105 wybor\u00f3w czuwali opiekunowie samorz\u0105du &#8211; pani Ania Wn\u0119k oraz pan Pawe\u0142 Kr\u00f3l a tak\u017ce uczniowie Iwona Mardosiewicz i Aleksandra Jaromin. Na nich spoczywa\u0142a odpowiedzialno\u015b\u0107 za prawid\u0142owy przebieg i zachowanie tajno\u015bci g\u0142osowania.<\/div>\n<div>&nbsp;<\/div>\n<div>Wyniki og\u0142osimy niebawem :)<\/div>\n<div>&nbsp;<\/div>\n<div style=\"text-align: right;\">Tekst i zdj\u0119cia:<br \/>\nJoanna Latusek<\/div>\n<div>&nbsp;<\/div>\n<p><!--more--><\/p>\nngg_shortcode_0_placeholder\n","protected":false},"excerpt":{"rendered":"<p>&nbsp; &#8222;Samorz\u0105d jest to w\u0142a\u015bciwie praca organizowana po to, aby jednakowo dobrze dzia\u0142o si\u0119 wszystkim, &nbsp; kt\u00f3rzy razem ucz\u0105 si\u0119, dzia\u0142aj\u0105&#8230;, \u017ceby jeden drugiego nie krzywdzi\u0142, nie przeszkadza\u0142, nie dokucza\u0142&#8230;, \u017ceby \u015bwiadczy\u0142 przys\u0142ugi, pomaga\u0142, opiekowa\u0142 si\u0119, &nbsp; pilnowa\u0142 porz\u0105dku i praworz\u0105dno\u015bci&#8230; to nie tylko praca, ale i walka&#8230; w obronie porz\u0105dnych, dzielnych i s\u0142abych, przeciwko [&hellip;]<\/p>\n","protected":false},"author":2,"featured_media":17296,"comment_status":"closed","ping_status":"closed","sticky":false,"template":"","format":"standard","meta":{"ngg_post_thumbnail":0,"footnotes":""},"categories":[90,4],"tags":[],"class_list":["post-17287","post","type-post","status-publish","format-standard","has-post-thumbnail","hentry","category-2024-2025","category-aktualnosci"],"_links":{"self":[{"href":"https:\/\/www.spbezmiechowa.pl\/index.php?rest_route=\/wp\/v2\/posts\/17287","targetHints":{"allow":["GET"]}}],"collection":[{"href":"https:\/\/www.spbezmiechowa.pl\/index.php?rest_route=\/wp\/v2\/posts"}],"about":[{"href":"https:\/\/www.spbezmiechowa.pl\/index.php?rest_route=\/wp\/v2\/types\/post"}],"author":[{"embeddable":true,"href":"https:\/\/www.spbezmiechowa.pl\/index.php?rest_route=\/wp\/v2\/users\/2"}],"replies":[{"embeddable":true,"href":"https:\/\/www.spbezmiechowa.pl\/index.php?rest_route=%2Fwp%2Fv2%2Fcomments&post=17287"}],"version-history":[{"count":6,"href":"https:\/\/www.spbezmiechowa.pl\/index.php?rest_route=\/wp\/v2\/posts\/17287\/revisions"}],"predecessor-version":[{"id":17300,"href":"https:\/\/www.spbezmiechowa.pl\/index.php?rest_route=\/wp\/v2\/posts\/17287\/revisions\/17300"}],"wp:featuredmedia":[{"embeddable":true,"href":"https:\/\/www.spbezmiechowa.pl\/index.php?rest_route=\/wp\/v2\/media\/17296"}],"wp:attachment":[{"href":"https:\/\/www.spbezmiechowa.pl\/index.php?rest_route=%2Fwp%2Fv2%2Fmedia&parent=17287"}],"wp:term":[{"taxonomy":"category","embeddable":true,"href":"https:\/\/www.spbezmiechowa.pl\/index.php?rest_route=%2Fwp%2Fv2%2Fcategories&post=17287"},{"taxonomy":"post_tag","embeddable":true,"href":"https:\/\/www.spbezmiechowa.pl\/index.php?rest_route=%2Fwp%2Fv2%2Ftags&post=17287"}],"curies":[{"name":"wp","href":"https:\/\/api.w.org\/{rel}","templated":true}]}}