{"id":17313,"date":"2024-09-30T19:19:23","date_gmt":"2024-09-30T19:19:23","guid":{"rendered":"https:\/\/www.spbezmiechowa.pl\/?p=17313"},"modified":"2025-06-10T20:06:47","modified_gmt":"2025-06-10T20:06:47","slug":"konkurs-czytelniczo-plastyczny-dla-przedszkolakow-narysuje-ci-bajke-rozstrzygniety","status":"publish","type":"post","link":"https:\/\/www.spbezmiechowa.pl\/?p=17313","title":{"rendered":"Konkurs czytelniczo-plastyczny dla przedszkolak\u00f3w rozstrzygni\u0119ty"},"content":{"rendered":"<p>&nbsp;<\/p>\n<p style=\"line-height: 150%;\">Celem konkursu &#8222;Narysuj\u0119 ci bajk\u0119&#8221; by\u0142o promowanie czytelnictwa w\u015br\u00f3d najm\u0142odszych dzieci, rozwijanie w nich kreatywno\u015bci i wyobra\u017ani. W konkursie udzia\u0142 wzi\u0119\u0142o 7 przedszkolak\u00f3w. Jury konkursowe oceni\u0142o prace plastyczne dzieci pod wzgl\u0119dem samodzielno\u015bci wykonania, kreatywno\u015bci, pomys\u0142owo\u015bci oraz estetyki pracy. Wy\u0142oniono nast\u0119puj\u0105cych zwyci\u0119zc\u00f3w:<\/p>\n<p style=\"line-height: 150%;\"><strong>I miejsce<\/strong> \u2013 Zuzanna Solon<\/p>\n<p style=\"line-height: 150%;\"><strong>II miejsce<\/strong> \u2013 Nikodem Latusek, Filip Ogarek<\/p>\n<p style=\"line-height: 150%;\"><strong>III miejsce<\/strong> &#8211; Leon Podsobi\u0144ski<\/p>\n<p style=\"line-height: 150%;\"><strong>Wyr\u00f3\u017cnienia:<\/strong><\/p>\n<p style=\"line-height: 150%;\">Marcel Gembu\u015b<\/p>\n<p style=\"line-height: 150%;\">Miko\u0142aj Gembu\u015b<\/p>\n<p style=\"line-height: 150%;\">Hanna Kmieci\u0144ska<\/p>\n<p style=\"line-height: 150%;\">Wszyscy laureaci konkursu otrzymali nagrody w postaci pi\u0119knych ksi\u0105\u017cek zasponsorowanych z Narodowego Programu Rozwoju Czytelnictwa 2.0 na lata 2021-2025.<\/p>\n<p style=\"line-height: 150%;\">SERDECZNIE GRATULUJEMY!<\/p>\n<p style=\"text-align: right;\">Tekst i zdj\u0119cia:<br \/>\nMagdalena Krasulak<\/p>\n<p><!--more--><\/p>\nngg_shortcode_0_placeholder\n","protected":false},"excerpt":{"rendered":"<p>&nbsp; Celem konkursu &#8222;Narysuj\u0119 ci bajk\u0119&#8221; by\u0142o promowanie czytelnictwa w\u015br\u00f3d najm\u0142odszych dzieci, rozwijanie w nich kreatywno\u015bci i wyobra\u017ani. W konkursie udzia\u0142 wzi\u0119\u0142o 7 przedszkolak\u00f3w. Jury konkursowe oceni\u0142o prace plastyczne dzieci pod wzgl\u0119dem samodzielno\u015bci wykonania, kreatywno\u015bci, pomys\u0142owo\u015bci oraz estetyki pracy. Wy\u0142oniono nast\u0119puj\u0105cych zwyci\u0119zc\u00f3w: I miejsce \u2013 Zuzanna Solon II miejsce \u2013 Nikodem Latusek, Filip Ogarek III [&hellip;]<\/p>\n","protected":false},"author":2,"featured_media":17321,"comment_status":"closed","ping_status":"closed","sticky":false,"template":"","format":"standard","meta":{"ngg_post_thumbnail":0,"footnotes":""},"categories":[90,4],"tags":[],"class_list":["post-17313","post","type-post","status-publish","format-standard","has-post-thumbnail","hentry","category-2024-2025","category-aktualnosci"],"_links":{"self":[{"href":"https:\/\/www.spbezmiechowa.pl\/index.php?rest_route=\/wp\/v2\/posts\/17313","targetHints":{"allow":["GET"]}}],"collection":[{"href":"https:\/\/www.spbezmiechowa.pl\/index.php?rest_route=\/wp\/v2\/posts"}],"about":[{"href":"https:\/\/www.spbezmiechowa.pl\/index.php?rest_route=\/wp\/v2\/types\/post"}],"author":[{"embeddable":true,"href":"https:\/\/www.spbezmiechowa.pl\/index.php?rest_route=\/wp\/v2\/users\/2"}],"replies":[{"embeddable":true,"href":"https:\/\/www.spbezmiechowa.pl\/index.php?rest_route=%2Fwp%2Fv2%2Fcomments&post=17313"}],"version-history":[{"count":4,"href":"https:\/\/www.spbezmiechowa.pl\/index.php?rest_route=\/wp\/v2\/posts\/17313\/revisions"}],"predecessor-version":[{"id":17324,"href":"https:\/\/www.spbezmiechowa.pl\/index.php?rest_route=\/wp\/v2\/posts\/17313\/revisions\/17324"}],"wp:featuredmedia":[{"embeddable":true,"href":"https:\/\/www.spbezmiechowa.pl\/index.php?rest_route=\/wp\/v2\/media\/17321"}],"wp:attachment":[{"href":"https:\/\/www.spbezmiechowa.pl\/index.php?rest_route=%2Fwp%2Fv2%2Fmedia&parent=17313"}],"wp:term":[{"taxonomy":"category","embeddable":true,"href":"https:\/\/www.spbezmiechowa.pl\/index.php?rest_route=%2Fwp%2Fv2%2Fcategories&post=17313"},{"taxonomy":"post_tag","embeddable":true,"href":"https:\/\/www.spbezmiechowa.pl\/index.php?rest_route=%2Fwp%2Fv2%2Ftags&post=17313"}],"curies":[{"name":"wp","href":"https:\/\/api.w.org\/{rel}","templated":true}]}}