{"id":17777,"date":"2025-01-23T12:54:09","date_gmt":"2025-01-23T12:54:09","guid":{"rendered":"https:\/\/www.spbezmiechowa.pl\/?p=17777"},"modified":"2025-06-10T20:02:47","modified_gmt":"2025-06-10T20:02:47","slug":"swieto-naszych-babc-i-dziadkow","status":"publish","type":"post","link":"https:\/\/www.spbezmiechowa.pl\/?p=17777","title":{"rendered":"\u015awi\u0119to naszych Bab\u0107 i Dziadk\u00f3w"},"content":{"rendered":"<p>&nbsp;<\/p>\n<p style=\"text-align: right;\"><strong><em>&#8222;B\u00f3g nie m\u00f3g\u0142 by\u0107 wsz\u0119dzie,<br \/>\n<\/em><\/strong><strong><em>wi\u0119c stworzy\u0142 babci\u0119 i dziadka&#8221;<\/em><\/strong><\/p>\n<p>&nbsp;<\/p>\n<p>Cho\u0107 stycze\u0144 to miesi\u0105c zimowy,&nbsp; s\u0105 w nim jednak takie dwa dni, kiedy ka\u017cdemu robi si\u0119 cieplej na sercu &#8211; to <strong>\u015awi\u0119to naszych Kochanych Bab\u0107 i Dziadk\u00f3w. <\/strong>Te szczeg\u00f3lne dni w kalendarzu kojarzone s\u0105 z szacunkiem, ciep\u0142em, dzieci\u0144stwem i podzi\u0119kowaniami.<\/p>\n<p>W &nbsp;naszej szkole w \u015brod\u0119 22 stycznia 2025 roku odby\u0142a si\u0119 uroczysta akademia dla Bab\u0107 i Dziadk\u00f3w zorganizowana z okazji Ich \u015bwi\u0119ta. W uroczysto\u015bci wyst\u0105pi\u0142y dzieci z oddzia\u0142u przedszkolnego oraz uczniowie z klasy I-IV. Wszystkie wyst\u0119puj\u0105ce dzieci z wielkim przej\u0119ciem recytowa\u0142y wzruszaj\u0105ce wiersze oraz \u015bpiewa\u0142y piosenki zwi\u0105zane tematycznie z tym\u017ce \u015bwi\u0119tem. By\u0142y wi\u0119c wyst\u0119py wokalne, taneczne, recytatorskie i muzyczne. Na zako\u0144czenie wszyscy uczniowie za\u015bpiewali ,,STO LAT&#8230;&#8221;, z\u0142o\u017cyli przyby\u0142ym babciom i dziadkom \u017cyczenia oraz wr\u0119czyli wzruszonym go\u015bciom prezenty.<\/p>\n<p>Na t\u0119 okazj\u0119&nbsp; przygotowali\u015bmy tak\u017ce dla naszych go\u015bci karaoke. Wsp\u00f3lne \u015bpiewy sprawi\u0142y naszym seniorom du\u017co rado\u015bci.<\/p>\n<p>By\u0142 to niezwyk\u0142y dzie\u0144 nie tylko dla dzieci, ale przede wszystkim dla ich Bab\u0107 i Dziadk\u00f3w. Dzie\u0144, w kt\u00f3rym go\u015bci\u0142o wiele u\u015bmiech\u00f3w, wzrusze\u0144 i rado\u015bci\u2026<\/p>\n<p>Dlatego te\u017c dzi\u0119kujemy wszystkim Babciom i Dziadkom za ich bezgraniczn\u0105 mi\u0142o\u015b\u0107, dobro\u0107, ciep\u0142o i jeszcze raz \u017cyczymy Im du\u017co, du\u017co zdrowia oraz d\u0142ugich lat \u017cycia.<\/p>\n<p>Dope\u0142nieniem uroczystych spotka\u0144 by\u0142 s\u0142odki pocz\u0119stunek przygotowany przez Rad\u0119 Rodzic\u00f3w za kt\u00f3ry bardzo dzi\u0119kujemy.<\/p>\n<p style=\"text-align: right;\">A. W\u00f3jcicka<\/p>\n<p><!--more--><\/p>\nngg_shortcode_0_placeholder\n","protected":false},"excerpt":{"rendered":"<p>&nbsp; &#8222;B\u00f3g nie m\u00f3g\u0142 by\u0107 wsz\u0119dzie, wi\u0119c stworzy\u0142 babci\u0119 i dziadka&#8221; &nbsp; Cho\u0107 stycze\u0144 to miesi\u0105c zimowy,&nbsp; s\u0105 w nim jednak takie dwa dni, kiedy ka\u017cdemu robi si\u0119 cieplej na sercu &#8211; to \u015awi\u0119to naszych Kochanych Bab\u0107 i Dziadk\u00f3w. Te szczeg\u00f3lne dni w kalendarzu kojarzone s\u0105 z szacunkiem, ciep\u0142em, dzieci\u0144stwem i podzi\u0119kowaniami. W &nbsp;naszej szkole [&hellip;]<\/p>\n","protected":false},"author":2,"featured_media":17779,"comment_status":"closed","ping_status":"closed","sticky":false,"template":"","format":"standard","meta":{"ngg_post_thumbnail":0,"footnotes":""},"categories":[90,4],"tags":[],"class_list":["post-17777","post","type-post","status-publish","format-standard","has-post-thumbnail","hentry","category-2024-2025","category-aktualnosci"],"_links":{"self":[{"href":"https:\/\/www.spbezmiechowa.pl\/index.php?rest_route=\/wp\/v2\/posts\/17777","targetHints":{"allow":["GET"]}}],"collection":[{"href":"https:\/\/www.spbezmiechowa.pl\/index.php?rest_route=\/wp\/v2\/posts"}],"about":[{"href":"https:\/\/www.spbezmiechowa.pl\/index.php?rest_route=\/wp\/v2\/types\/post"}],"author":[{"embeddable":true,"href":"https:\/\/www.spbezmiechowa.pl\/index.php?rest_route=\/wp\/v2\/users\/2"}],"replies":[{"embeddable":true,"href":"https:\/\/www.spbezmiechowa.pl\/index.php?rest_route=%2Fwp%2Fv2%2Fcomments&post=17777"}],"version-history":[{"count":2,"href":"https:\/\/www.spbezmiechowa.pl\/index.php?rest_route=\/wp\/v2\/posts\/17777\/revisions"}],"predecessor-version":[{"id":17780,"href":"https:\/\/www.spbezmiechowa.pl\/index.php?rest_route=\/wp\/v2\/posts\/17777\/revisions\/17780"}],"wp:featuredmedia":[{"embeddable":true,"href":"https:\/\/www.spbezmiechowa.pl\/index.php?rest_route=\/wp\/v2\/media\/17779"}],"wp:attachment":[{"href":"https:\/\/www.spbezmiechowa.pl\/index.php?rest_route=%2Fwp%2Fv2%2Fmedia&parent=17777"}],"wp:term":[{"taxonomy":"category","embeddable":true,"href":"https:\/\/www.spbezmiechowa.pl\/index.php?rest_route=%2Fwp%2Fv2%2Fcategories&post=17777"},{"taxonomy":"post_tag","embeddable":true,"href":"https:\/\/www.spbezmiechowa.pl\/index.php?rest_route=%2Fwp%2Fv2%2Ftags&post=17777"}],"curies":[{"name":"wp","href":"https:\/\/api.w.org\/{rel}","templated":true}]}}