{"id":19534,"date":"2026-04-29T19:07:59","date_gmt":"2026-04-29T19:07:59","guid":{"rendered":"https:\/\/www.spbezmiechowa.pl\/?p=19534"},"modified":"2026-04-29T19:31:42","modified_gmt":"2026-04-29T19:31:42","slug":"dwa-dni-w-sercu-bieszczadow-przyroda-wyzwania-i-swietna-atmosfera","status":"publish","type":"post","link":"https:\/\/www.spbezmiechowa.pl\/?p=19534","title":{"rendered":"Dwa dni w sercu Bieszczad\u00f3w \u2013 przyroda, wyzwania i \u015bwietna atmosfera"},"content":{"rendered":"<div dir=\"auto\">&nbsp;<\/div>\n<div dir=\"auto\">Nasza szko\u0142a bierze udzia\u0142 w programie edukacyjno- przyrodniczym \u201eZachowajmy pi\u0119kno i walory przyrodnicze Bieszczad\u00f3w\u201d, organizowanym przez Bieszczadzki Park Narodowy.<\/div>\n<div dir=\"auto\">&nbsp;<\/div>\n<div dir=\"auto\">W trakcie dwudniowych terenowych zaj\u0119\u0107 mieli\u015bmy okazj\u0119 bli\u017cej pozna\u0107 niezwyk\u0142\u0105 przyrod\u0119 tego regionu. Uczyli\u015bmy si\u0119 o pi\u0119trach ro\u015blinno-klimatycznych w Bieszczadach oraz odkrywali\u015bmy bogactwo \u0142\u0105k i pastwisk w tzw. \u201ekrainie dolin\u201d. Poznali\u015bmy tak\u017ce charakterystyczne ekosystemy, takie jak olszynka karpacka i buczyna karpacka.<\/div>\n<div dir=\"auto\">&nbsp;<\/div>\n<div dir=\"auto\">Podczas zaj\u0119\u0107 od\u0142awiali\u015bmy i obserwowali\u015bmy mieszka\u0144c\u00f3w g\u00f3rskiego potoku oraz oczka wodnego. Nie zabrak\u0142o r\u00f3wnie\u017c wyzwa\u0144 \u2013 wspi\u0119li\u015bmy si\u0119 na najwy\u017cszy szczyt Bieszczad, Tarnic\u0119. Mimo wysi\u0142ku nikt nie narzeka\u0142, a pogoda w wi\u0119kszo\u015bci nam sprzyja\u0142a, cho\u0107 drugiego dnia by\u0142o ju\u017c znacznie ch\u0142odniej.<\/div>\n<div dir=\"auto\">&nbsp;<\/div>\n<div dir=\"auto\">Do domu wr\u00f3cili\u015bmy zm\u0119czeni, ale bardzo zadowoleni, bogatsi o now\u0105 wiedz\u0119 i niezapomniane do\u015bwiadczenia.<\/div>\n<div dir=\"auto\">&nbsp;<\/div>\n<div dir=\"auto\" style=\"text-align: right;\">Tekst, zdj\u0119cia i filmik:<br \/>\nAgnieszka Wa\u0144ca<\/div>\n<div dir=\"auto\">&nbsp;<\/div>\n<div dir=\"auto\" style=\"text-align: center;\">\n<div style=\"width: 480px;\" class=\"wp-video\"><!--[if lt IE 9]><script>document.createElement('video');<\/script><![endif]-->\n<video class=\"wp-video-shortcode\" id=\"video-19534-1\" width=\"480\" height=\"480\" preload=\"metadata\" controls=\"controls\"><source type=\"video\/mp4\" src=\"https:\/\/www.spbezmiechowa.pl\/wp-content\/uploads\/VID-20260429-WA0076.mp4?_=1\" \/><a href=\"https:\/\/www.spbezmiechowa.pl\/wp-content\/uploads\/VID-20260429-WA0076.mp4\">https:\/\/www.spbezmiechowa.pl\/wp-content\/uploads\/VID-20260429-WA0076.mp4<\/a><\/video><\/div>\n<\/div>\n<p><!--more--><\/p>\nngg_shortcode_0_placeholder\n","protected":false},"excerpt":{"rendered":"<p>&nbsp; Nasza szko\u0142a bierze udzia\u0142 w programie edukacyjno- przyrodniczym \u201eZachowajmy pi\u0119kno i walory przyrodnicze Bieszczad\u00f3w\u201d, organizowanym przez Bieszczadzki Park Narodowy. &nbsp; W trakcie dwudniowych terenowych zaj\u0119\u0107 mieli\u015bmy okazj\u0119 bli\u017cej pozna\u0107 niezwyk\u0142\u0105 przyrod\u0119 tego regionu. Uczyli\u015bmy si\u0119 o pi\u0119trach ro\u015blinno-klimatycznych w Bieszczadach oraz odkrywali\u015bmy bogactwo \u0142\u0105k i pastwisk w tzw. \u201ekrainie dolin\u201d. Poznali\u015bmy tak\u017ce charakterystyczne ekosystemy, [&hellip;]<\/p>\n","protected":false},"author":2,"featured_media":19535,"comment_status":"closed","ping_status":"closed","sticky":false,"template":"","format":"standard","meta":{"ngg_post_thumbnail":0,"footnotes":""},"categories":[106,4],"tags":[],"class_list":["post-19534","post","type-post","status-publish","format-standard","has-post-thumbnail","hentry","category-2025-2026","category-aktualnosci"],"_links":{"self":[{"href":"https:\/\/www.spbezmiechowa.pl\/index.php?rest_route=\/wp\/v2\/posts\/19534","targetHints":{"allow":["GET"]}}],"collection":[{"href":"https:\/\/www.spbezmiechowa.pl\/index.php?rest_route=\/wp\/v2\/posts"}],"about":[{"href":"https:\/\/www.spbezmiechowa.pl\/index.php?rest_route=\/wp\/v2\/types\/post"}],"author":[{"embeddable":true,"href":"https:\/\/www.spbezmiechowa.pl\/index.php?rest_route=\/wp\/v2\/users\/2"}],"replies":[{"embeddable":true,"href":"https:\/\/www.spbezmiechowa.pl\/index.php?rest_route=%2Fwp%2Fv2%2Fcomments&post=19534"}],"version-history":[{"count":5,"href":"https:\/\/www.spbezmiechowa.pl\/index.php?rest_route=\/wp\/v2\/posts\/19534\/revisions"}],"predecessor-version":[{"id":19605,"href":"https:\/\/www.spbezmiechowa.pl\/index.php?rest_route=\/wp\/v2\/posts\/19534\/revisions\/19605"}],"wp:featuredmedia":[{"embeddable":true,"href":"https:\/\/www.spbezmiechowa.pl\/index.php?rest_route=\/wp\/v2\/media\/19535"}],"wp:attachment":[{"href":"https:\/\/www.spbezmiechowa.pl\/index.php?rest_route=%2Fwp%2Fv2%2Fmedia&parent=19534"}],"wp:term":[{"taxonomy":"category","embeddable":true,"href":"https:\/\/www.spbezmiechowa.pl\/index.php?rest_route=%2Fwp%2Fv2%2Fcategories&post=19534"},{"taxonomy":"post_tag","embeddable":true,"href":"https:\/\/www.spbezmiechowa.pl\/index.php?rest_route=%2Fwp%2Fv2%2Ftags&post=19534"}],"curies":[{"name":"wp","href":"https:\/\/api.w.org\/{rel}","templated":true}]}}