{"id":20305,"date":"2026-09-01T19:56:16","date_gmt":"2026-09-01T19:56:16","guid":{"rendered":"https:\/\/www.spbezmiechowa.pl\/?p=20305"},"modified":"2026-09-01T20:25:11","modified_gmt":"2026-09-01T20:25:11","slug":"nowy-rok-szkolny-nowy-poczatek","status":"publish","type":"post","link":"https:\/\/www.spbezmiechowa.pl\/?p=20305","title":{"rendered":"Nowy rok szkolny \u2013 nowy pocz\u0105tek"},"content":{"rendered":"<div class=\"xdj266r x14z9mp xat24cr x1lziwak x1vvkbs x126k92a\">\n<div dir=\"auto\">&nbsp;<\/div>\n<div dir=\"auto\">Po wakacyjnej przerwie zn\u00f3w wype\u0142ni\u0142 si\u0119 szkolny korytarz rozmowami, u\u015bmiechami i rado\u015bci\u0105 ze spotkania. Nowy rok szkolny to nowe wyzwania, plany, marzenia i okazje do zdobywania wiedzy.<\/div>\n<\/div>\n<div class=\"x14z9mp xat24cr x1lziwak x1vvkbs xtlvy1s x126k92a\">\n<div dir=\"auto\">&nbsp;<\/div>\n<div dir=\"auto\">Tego wyj\u0105tkowego dnia odwiedzili nas pan burmistrz <span class=\"html-span xdj266r x14z9mp xat24cr x1lziwak xexx8yu xyri2b x18d9i69 x1c1uobl x1hl2dhg x16tdsg8 x1vvkbs\"><a class=\"x1i10hfl xjbqb8w x1ejq31n x18oe1m7 x1sy0etr xstzfhl x972fbf x10w94by x1qhh985 x14e42zd x9f619 x1ypdohk xt0psk2 x3ct3a4 xdj266r x14z9mp xat24cr x1lziwak xexx8yu xyri2b x18d9i69 x1c1uobl x16tdsg8 x1hl2dhg xggy1nq x1a2a7pz xkrqix3 x1sur9pj x1fey0fg x1s688f\" tabindex=\"0\" role=\"link\" href=\"https:\/\/www.facebook.com\/adam.snarski.71?__cft__[0]=AZjT7MkqVMpCbsvT_LGt56bYbvUPQ6K5TcWnBFT8h887Sdov_CbqEWx7q1mkdeYW3b2JLK5gj-odkI2ck1972vH__uEiY7NDhQ21I8ImU1j3VbQFcmzxyLPYSi02u91xEP1wdHgqvTXWY7ZFsA7nXY7hrVsu4ybvvS3VtW89RFWVU6vs5R7ac8b6jxbQcFIbfpQD22L7920&amp;__tn__=-]K-R\"><span class=\"xt0psk2\"><span class=\"xjp7ctv\">Adam Snarski<\/span><\/span><\/a><\/span>, pani Anna Szewczyk- dyrektor Leskiego Centrum Edukacji i Sportu oraz pan Dawid Lipka. Pan Burmistrz z\u0142o\u017cy\u0142 uczniom, nauczycielom i pracownikom szko\u0142y \u017cyczenia dobrego i pe\u0142nego sukces\u00f3w roku szkolnego.<\/div>\n<\/div>\n<div class=\"x14z9mp xat24cr x1lziwak x1vvkbs xtlvy1s x126k92a\">\n<div dir=\"auto\">&nbsp;<\/div>\n<div dir=\"auto\">1 wrze\u015bnia to nie tylko pocz\u0105tek roku szkolnego. To tak\u017ce rocznica wybuchu II wojny \u015bwiatowej. Pami\u0119\u0107 o historii i tych, kt\u00f3rzy do\u015bwiadczyli wojny, jest niezwykle wa\u017cna, poniewa\u017c przypomina nam, jak wielk\u0105 warto\u015bci\u0105 jest pok\u00f3j.<\/div>\n<\/div>\n<div class=\"x14z9mp xat24cr x1lziwak x1vvkbs xtlvy1s x126k92a\">\n<div dir=\"auto\">Ten dzie\u0144 by\u0142 dla naszej szkolnej spo\u0142eczno\u015bci wyj\u0105tkowy r\u00f3wnie\u017c z innej okazji- dzi\u015b po\u017cegnali\u015bmy Ksi\u0119dza Proboszcza Romana \u0141obaz\u0119, kt\u00f3ry przechodzi na emerytur\u0119. Dzi\u0119kujemy za obecno\u015b\u0107, \u017cyczliwo\u015b\u0107, dobre s\u0142owo i wieloletni\u0105 trosk\u0119 o nasz\u0105 spo\u0142eczno\u015b\u0107. \u017byczymy Ksi\u0119dzu du\u017co zdrowia, spokoju, rado\u015bci i si\u0142y, a tak\u017ce czasu na odpoczynek. \u201eNiech ka\u017cdy dzie\u0144 b\u0119dzie wdzi\u0119czno\u015bci\u0105 za to, co by\u0142o, rado\u015bci\u0105 z tego, co jest i nadziej\u0105 na to, co b\u0119dzie\u201d<\/div>\n<\/div>\n<div class=\"x14z9mp xat24cr x1lziwak x1vvkbs xtlvy1s x126k92a\">\n<div dir=\"auto\">&nbsp;<\/div>\n<div dir=\"auto\">Niech rozpoczynaj\u0105cy si\u0119 nowy rok szkolny b\u0119dzie czasem wzajemnego szacunku, przyja\u017ani, rozwijania pasji i odkrywania nowych mo\u017cliwo\u015bci.<\/div>\n<div dir=\"auto\">&nbsp;<\/div>\n<div dir=\"auto\" style=\"text-align: right;\">Tekst, zdj\u0119cia i filmik:<br \/>\nAgnieszka Wa\u0144ca<\/div>\n<div dir=\"auto\">&nbsp;<\/div>\n<div dir=\"auto\">\n<div style=\"width: 576px;\" class=\"wp-video\"><video class=\"wp-video-shortcode\" id=\"video-20305-1\" width=\"576\" height=\"1024\" preload=\"metadata\" controls=\"controls\"><source type=\"video\/mp4\" src=\"https:\/\/www.spbezmiechowa.pl\/wp-content\/uploads\/VID-20260901-WA0000.mp4?_=1\" \/><a href=\"https:\/\/www.spbezmiechowa.pl\/wp-content\/uploads\/VID-20260901-WA0000.mp4\">https:\/\/www.spbezmiechowa.pl\/wp-content\/uploads\/VID-20260901-WA0000.mp4<\/a><\/video><\/div>\n<div style=\"width: 1024px;\" class=\"wp-video\"><video class=\"wp-video-shortcode\" id=\"video-20305-2\" width=\"1024\" height=\"576\" preload=\"metadata\" controls=\"controls\"><source type=\"video\/mp4\" src=\"https:\/\/www.spbezmiechowa.pl\/wp-content\/uploads\/VID-20260901-WA0004.mp4?_=2\" \/><a href=\"https:\/\/www.spbezmiechowa.pl\/wp-content\/uploads\/VID-20260901-WA0004.mp4\">https:\/\/www.spbezmiechowa.pl\/wp-content\/uploads\/VID-20260901-WA0004.mp4<\/a><\/video><\/div>\n<p>&nbsp;<\/p>\n<\/div>\n<\/div>\n<p><!--more--><\/p>\nngg_shortcode_0_placeholder\n","protected":false},"excerpt":{"rendered":"<p>&nbsp; Po wakacyjnej przerwie zn\u00f3w wype\u0142ni\u0142 si\u0119 szkolny korytarz rozmowami, u\u015bmiechami i rado\u015bci\u0105 ze spotkania. Nowy rok szkolny to nowe wyzwania, plany, marzenia i okazje do zdobywania wiedzy. &nbsp; Tego wyj\u0105tkowego dnia odwiedzili nas pan burmistrz Adam Snarski, pani Anna Szewczyk- dyrektor Leskiego Centrum Edukacji i Sportu oraz pan Dawid Lipka. Pan Burmistrz z\u0142o\u017cy\u0142 uczniom, [&hellip;]<\/p>\n","protected":false},"author":2,"featured_media":20307,"comment_status":"closed","ping_status":"closed","sticky":false,"template":"","format":"standard","meta":{"ngg_post_thumbnail":0,"footnotes":""},"categories":[109,4],"tags":[],"class_list":["post-20305","post","type-post","status-publish","format-standard","has-post-thumbnail","hentry","category-2026-2027","category-aktualnosci"],"_links":{"self":[{"href":"https:\/\/www.spbezmiechowa.pl\/index.php?rest_route=\/wp\/v2\/posts\/20305","targetHints":{"allow":["GET"]}}],"collection":[{"href":"https:\/\/www.spbezmiechowa.pl\/index.php?rest_route=\/wp\/v2\/posts"}],"about":[{"href":"https:\/\/www.spbezmiechowa.pl\/index.php?rest_route=\/wp\/v2\/types\/post"}],"author":[{"embeddable":true,"href":"https:\/\/www.spbezmiechowa.pl\/index.php?rest_route=\/wp\/v2\/users\/2"}],"replies":[{"embeddable":true,"href":"https:\/\/www.spbezmiechowa.pl\/index.php?rest_route=%2Fwp%2Fv2%2Fcomments&post=20305"}],"version-history":[{"count":5,"href":"https:\/\/www.spbezmiechowa.pl\/index.php?rest_route=\/wp\/v2\/posts\/20305\/revisions"}],"predecessor-version":[{"id":20355,"href":"https:\/\/www.spbezmiechowa.pl\/index.php?rest_route=\/wp\/v2\/posts\/20305\/revisions\/20355"}],"wp:featuredmedia":[{"embeddable":true,"href":"https:\/\/www.spbezmiechowa.pl\/index.php?rest_route=\/wp\/v2\/media\/20307"}],"wp:attachment":[{"href":"https:\/\/www.spbezmiechowa.pl\/index.php?rest_route=%2Fwp%2Fv2%2Fmedia&parent=20305"}],"wp:term":[{"taxonomy":"category","embeddable":true,"href":"https:\/\/www.spbezmiechowa.pl\/index.php?rest_route=%2Fwp%2Fv2%2Fcategories&post=20305"},{"taxonomy":"post_tag","embeddable":true,"href":"https:\/\/www.spbezmiechowa.pl\/index.php?rest_route=%2Fwp%2Fv2%2Ftags&post=20305"}],"curies":[{"name":"wp","href":"https:\/\/api.w.org\/{rel}","templated":true}]}}