{"id":3038,"date":"2015-04-22T21:17:17","date_gmt":"2015-04-22T21:17:17","guid":{"rendered":"https:\/\/www.spbezmiechowa.pl\/?p=3038"},"modified":"2025-06-10T21:16:25","modified_gmt":"2025-06-10T21:16:25","slug":"wizyta-kanoniczna-ks-biskupa-stanislawa-jamrozka-w-naszej-szkole","status":"publish","type":"post","link":"https:\/\/www.spbezmiechowa.pl\/?p=3038","title":{"rendered":"Wizyta kanoniczna ks. Biskupa Stanis\u0142awa Jamrozka w naszej szkole"},"content":{"rendered":"<div class=\"leadArticle\">\n<p>W dniu 22 kwietnia br. nasz\u0105 szko\u0142\u0119 odwiedzi\u0142\u00a0 <strong>Jego Ekscelencja ks. Bp Stanis\u0142aw Jamrozek.<\/strong> Odwiedziny te odby\u0142y si\u0119 w ramach wizytacji kanonicznej Parafii Rzymskokatolickiej pw. Narodzenia NMP w Bezmiechowej. Go\u015bciowi towarzyszyli: dziekan leski ks. Mieczys\u0142aw B\u0105k oraz ks. proboszcz naszej parafii Roman \u0141obaza.<\/p>\n<p>Uczniowie wraz z nauczycielami, dyrekcj\u0105 oraz pozosta\u0142ymi pracownikami ju\u017c w progach szko\u0142y powitali przyby\u0142ego go\u015bcia radosnym \u015bpiewem znanej piosenki \u201eB\u0105d\u017a pozdrowiony go\u015bciu nasz, w radosne progi nasze wejd\u017a \u2026\u201d. Nast\u0119pnie odby\u0142a si\u0119 cze\u015b\u0107 artystyczna. Dzieci od\u015bpiewa\u0142y hymn naszej szko\u0142y, wyrecytowa\u0142y okoliczno\u015bciowe wiersze oraz\u00a0 wr\u0119czy\u0142y ks. biskupowi i towarzysz\u0105cym go\u015bciom kwiaty. Dyrektor szko\u0142y P. Lycyna Matuszewska jeszcze raz serdecznie witaj\u0105c, przedstawi\u0142a histori\u0119 szko\u0142y, nawi\u0105zuj\u0105c do patronalnego imienia, podkre\u015bli\u0142a jak wa\u017cne i niecodzienne s\u0105 te odwiedziny dla ca\u0142ej spo\u0142eczno\u015bci szkolnej.<\/p>\n<p>Potem g\u0142os zabra\u0142 ks. Biskup. W radosnej i sympatycznej atmosferze dzieli\u0142 si\u0119 z uczniami swoimi prze\u017cyciami z lat dzieci\u0119cych i m\u0142odo\u015bci. Wyrazi\u0142 te\u017c wdzi\u0119czno\u015b\u0107 wobec nauczycieli, wychowawc\u00f3w\u00a0 oraz rodzic\u00f3w za trud nauki i wychowania dzieci.\u00a0 Na koniec oficjalnej cz\u0119\u015bci spotkania\u00a0 go\u015b\u0107 odm\u00f3wi\u0142 modlitw\u0119 i udzieli\u0142 wszystkim b\u0142ogos\u0142awie\u0144stwa.<\/p>\n<p>Odwiedziny zako\u0144czy\u0142y si\u0119 spotkaniem w pokoju nauczycielskim przy herbatce i ciastku. Ks. bp Stanis\u0142aw dokona\u0142 tak\u017ce pami\u0105tkowego wpisu do kroniki szkolnej.<\/p>\n<\/div>\n<p><!--more--><\/p>\nngg_shortcode_0_placeholder\n","protected":false},"excerpt":{"rendered":"<p>W dniu 22 kwietnia br. nasz\u0105 szko\u0142\u0119 odwiedzi\u0142\u00a0 Jego Ekscelencja ks. Bp Stanis\u0142aw Jamrozek. Odwiedziny te odby\u0142y si\u0119 w ramach wizytacji kanonicznej Parafii Rzymskokatolickiej pw. Narodzenia NMP w Bezmiechowej. Go\u015bciowi towarzyszyli: dziekan leski ks. Mieczys\u0142aw B\u0105k oraz ks. proboszcz naszej parafii Roman \u0141obaza. Uczniowie wraz z nauczycielami, dyrekcj\u0105 oraz pozosta\u0142ymi pracownikami ju\u017c w progach szko\u0142y [&hellip;]<\/p>\n","protected":false},"author":2,"featured_media":0,"comment_status":"closed","ping_status":"closed","sticky":false,"template":"","format":"standard","meta":{"ngg_post_thumbnail":0,"footnotes":""},"categories":[101,4],"tags":[],"class_list":["post-3038","post","type-post","status-publish","format-standard","hentry","category-2014-2015","category-aktualnosci"],"_links":{"self":[{"href":"https:\/\/www.spbezmiechowa.pl\/index.php?rest_route=\/wp\/v2\/posts\/3038","targetHints":{"allow":["GET"]}}],"collection":[{"href":"https:\/\/www.spbezmiechowa.pl\/index.php?rest_route=\/wp\/v2\/posts"}],"about":[{"href":"https:\/\/www.spbezmiechowa.pl\/index.php?rest_route=\/wp\/v2\/types\/post"}],"author":[{"embeddable":true,"href":"https:\/\/www.spbezmiechowa.pl\/index.php?rest_route=\/wp\/v2\/users\/2"}],"replies":[{"embeddable":true,"href":"https:\/\/www.spbezmiechowa.pl\/index.php?rest_route=%2Fwp%2Fv2%2Fcomments&post=3038"}],"version-history":[{"count":5,"href":"https:\/\/www.spbezmiechowa.pl\/index.php?rest_route=\/wp\/v2\/posts\/3038\/revisions"}],"predecessor-version":[{"id":3151,"href":"https:\/\/www.spbezmiechowa.pl\/index.php?rest_route=\/wp\/v2\/posts\/3038\/revisions\/3151"}],"wp:attachment":[{"href":"https:\/\/www.spbezmiechowa.pl\/index.php?rest_route=%2Fwp%2Fv2%2Fmedia&parent=3038"}],"wp:term":[{"taxonomy":"category","embeddable":true,"href":"https:\/\/www.spbezmiechowa.pl\/index.php?rest_route=%2Fwp%2Fv2%2Fcategories&post=3038"},{"taxonomy":"post_tag","embeddable":true,"href":"https:\/\/www.spbezmiechowa.pl\/index.php?rest_route=%2Fwp%2Fv2%2Ftags&post=3038"}],"curies":[{"name":"wp","href":"https:\/\/api.w.org\/{rel}","templated":true}]}}