{"id":4176,"date":"2015-10-14T16:49:54","date_gmt":"2015-10-14T16:49:54","guid":{"rendered":"https:\/\/www.spbezmiechowa.pl\/?p=4176"},"modified":"2025-06-10T21:14:35","modified_gmt":"2025-06-10T21:14:35","slug":"dzien-edukacji-narodowej-i-slubowanie-klasy-pierwszej","status":"publish","type":"post","link":"https:\/\/www.spbezmiechowa.pl\/?p=4176","title":{"rendered":"Dzie\u0144 Edukacji Narodowej i \u015alubowanie Klasy Pierwszej"},"content":{"rendered":"<p>&nbsp;<\/p>\n<p>W poniedzia\u0142ek, 12 pa\u017adziernika 2015r. obchodzili\u015bmy w naszej szkole <strong>dwie wa\u017cne uroczysto\u015bci:<\/strong> \u015alubowanie klasy pierwszej i Dzie\u0144 Edukacji Narodowej. Otwarcia spotkania dokona\u0142a Pani dyrektor Lucyna Matuszewska witaj\u0105c gor\u0105co uczni\u00f3w, rodzic\u00f3w, nauczycieli, pracownik\u00f3w szko\u0142y.<\/p>\n<p>W niezwykle podnios\u0142ej atmosferze, przed pocztem sztandarowym, odby\u0142o si\u0119 Uroczyste \u015alubowanie Klas I. \u00a0Po z\u0142o\u017ceniu \u015blubowania Pani dyrektor dokona\u0142a aktu pasowania na ucznia. Dope\u0142nieniem tej uroczysto\u015bci by\u0142o wr\u0119czenie uczniom dyplom\u00f3w przez wychowawc\u0119. Cz\u0119\u015b\u0107 artystyczna zaprezentowana przez pierwszak\u00f3w, dostarczy\u0142a wszystkim mi\u0142ych wra\u017ce\u0144, a tym samym udowodnili oni, \u017ce zas\u0142uguj\u0105 w pe\u0142ni na to, aby by\u0107 prawdziwymi uczniami Naszej Szko\u0142y. Rodzice przybyli w licznym gronie i zorganizowali dla swoich pociech s\u0142odki pocz\u0119stunek. Ten dzie\u0144 na d\u0142ugo pozostanie pierwszakom w pami\u0119ci.<\/p>\n<p>Druga cz\u0119\u015b\u0107 uroczysto\u015bci dotyczy\u0142a \u015bwi\u0119ta Edukacji Narodowej. Dzie\u0144 ten uczczono na weso\u0142o. M\u0142odzie\u017c przygotowa\u0142a program artystyczny dotycz\u0105cy \u017cycia w szkole.<b>\u00a0<\/b>W humorystyczny spos\u00f3b i z lekkim przymru\u017ceniem oka uczniowie klas starszych parodiowali okre\u015blone typy nauczycieli i r\u00f3\u017cne zachowania uczni\u00f3w.<\/p>\n<p>Po tej dawce humoru uczniowie wr\u0119czyli wszystkim nauczycielom i pracownikom szko\u0142y, pi\u0119kne jesienne bukiety dzi\u0119kuj\u0105c za okazane serce oraz za trud wychowania i nauczania. Nad ca\u0142o\u015bci\u0105 wyst\u0119pu czuwa\u0142a pani Bo\u017cena Plezia opiekunka samorz\u0105du szkolnego.<\/p>\n<p>\u015awi\u0105teczny dzie\u0144 zako\u0144czyli\u015bmy wi\u0119c w doskona\u0142ych humorach, za co dzi\u0119kujemy wszystkim, kt\u00f3rzy po\u015bwi\u0119cili du\u017co czasu i w\u0142o\u017cyli wiele serca w przygotowanie uroczysto\u015bci.<\/p>\n<p style=\"text-align: right;\">Zofia Biskup<\/p>\n<p style=\"text-align: left;\"><!--more--><\/p>\n<p style=\"text-align: left;\">ngg_shortcode_0_placeholder<\/p>\n<p style=\"text-align: left;\">\n","protected":false},"excerpt":{"rendered":"<p>&nbsp; W poniedzia\u0142ek, 12 pa\u017adziernika 2015r. obchodzili\u015bmy w naszej szkole dwie wa\u017cne uroczysto\u015bci: \u015alubowanie klasy pierwszej i Dzie\u0144 Edukacji Narodowej. Otwarcia spotkania dokona\u0142a Pani dyrektor Lucyna Matuszewska witaj\u0105c gor\u0105co uczni\u00f3w, rodzic\u00f3w, nauczycieli, pracownik\u00f3w szko\u0142y. W niezwykle podnios\u0142ej atmosferze, przed pocztem sztandarowym, odby\u0142o si\u0119 Uroczyste \u015alubowanie Klas I. \u00a0Po z\u0142o\u017ceniu \u015blubowania Pani dyrektor dokona\u0142a aktu pasowania [&hellip;]<\/p>\n","protected":false},"author":2,"featured_media":0,"comment_status":"closed","ping_status":"closed","sticky":false,"template":"","format":"standard","meta":{"ngg_post_thumbnail":0,"footnotes":""},"categories":[100,4],"tags":[],"class_list":["post-4176","post","type-post","status-publish","format-standard","hentry","category-2015-2016","category-aktualnosci"],"_links":{"self":[{"href":"https:\/\/www.spbezmiechowa.pl\/index.php?rest_route=\/wp\/v2\/posts\/4176","targetHints":{"allow":["GET"]}}],"collection":[{"href":"https:\/\/www.spbezmiechowa.pl\/index.php?rest_route=\/wp\/v2\/posts"}],"about":[{"href":"https:\/\/www.spbezmiechowa.pl\/index.php?rest_route=\/wp\/v2\/types\/post"}],"author":[{"embeddable":true,"href":"https:\/\/www.spbezmiechowa.pl\/index.php?rest_route=\/wp\/v2\/users\/2"}],"replies":[{"embeddable":true,"href":"https:\/\/www.spbezmiechowa.pl\/index.php?rest_route=%2Fwp%2Fv2%2Fcomments&post=4176"}],"version-history":[{"count":4,"href":"https:\/\/www.spbezmiechowa.pl\/index.php?rest_route=\/wp\/v2\/posts\/4176\/revisions"}],"predecessor-version":[{"id":4181,"href":"https:\/\/www.spbezmiechowa.pl\/index.php?rest_route=\/wp\/v2\/posts\/4176\/revisions\/4181"}],"wp:attachment":[{"href":"https:\/\/www.spbezmiechowa.pl\/index.php?rest_route=%2Fwp%2Fv2%2Fmedia&parent=4176"}],"wp:term":[{"taxonomy":"category","embeddable":true,"href":"https:\/\/www.spbezmiechowa.pl\/index.php?rest_route=%2Fwp%2Fv2%2Fcategories&post=4176"},{"taxonomy":"post_tag","embeddable":true,"href":"https:\/\/www.spbezmiechowa.pl\/index.php?rest_route=%2Fwp%2Fv2%2Ftags&post=4176"}],"curies":[{"name":"wp","href":"https:\/\/api.w.org\/{rel}","templated":true}]}}