{"id":4968,"date":"2016-03-22T18:37:59","date_gmt":"2016-03-22T18:37:59","guid":{"rendered":"https:\/\/www.spbezmiechowa.pl\/?p=4968"},"modified":"2025-06-10T21:12:18","modified_gmt":"2025-06-10T21:12:18","slug":"pierwszy-dzien-wiosny","status":"publish","type":"post","link":"https:\/\/www.spbezmiechowa.pl\/?p=4968","title":{"rendered":"Pierwszy Dzie\u0144 Wiosny"},"content":{"rendered":"<p>Wsp\u00f3lne obchody Pierwszego Dnia Wiosny nale\u017c\u0105 do sta\u0142ych imprez i uroczysto\u015bci obchodzonych w\u00a0 naszej szkole.<\/p>\n<p>W tym roku dzie\u0144 21 marca by\u0142 jak zwykle pe\u0142en emocji. Pani Wiosna &#8222;zak\u0142\u00f3ci\u0142a&#8221; nieco panuj\u0105cy dotychczas porz\u0105dek. Na dw\u00f3ch pierwszych lekcjach mia\u0142a miejsce niecodzienna zamiana. Uczniowie z klas VI &#8211; VI stali si\u0119 nauczycielami i prowadzili lekcje, natomiast nauczyciele cofn\u0119li si\u0119 w czasie, zasiedli w \u0142awkach i zostali uczniami.\u00a0Mimo, \u017ce by\u0142y to prze\u017cycia niezwyk\u0142e to na tym si\u0119 nie sko\u0144czy\u0142o.<\/p>\n<p>Kolejnym punktem programu by\u0142 konkurs \u201eMam talent\u201d. Wzi\u0119li w nim udzia\u0142 uczniowie z r\u00f3\u017cnych klas (w sumie 18 os\u00f3b). Kto tylko dostrzeg\u0142 w sobie jakie\u015b umiej\u0119tno\u015bci to m\u00f3g\u0142 je zaprezentowa\u0107. Pe\u0142na dowolno\u015b\u0107. St\u0105d te\u017c r\u00f3\u017cne pomys\u0142y. By\u0142y piosenki, recytacje, gra na instrumentach, ta\u0144ce, \u00a0wyst\u0119py solo i zespo\u0142owe. Jury mia\u0142o naprawd\u0119 trudny orzech do zgryzienia, przecie\u017c ka\u017cdy kto wyst\u0105pi\u0142 zas\u0142uguje na wielkie uznanie, tym bardziej, \u017ce trzeba by\u0142o przygotowa\u0107 si\u0119, pokona\u0107 trem\u0119 i zaprezentowa\u0107 sw\u00f3j talent. A jak ka\u017cdy wie nie jest to takie proste. \u00a0Ale mimo to uda\u0142o si\u0119 wy\u0142oni\u0107 zwyci\u0119zc\u00f3w w dw\u00f3ch grupach wiekowych:<\/p>\n<p><u>grupa m\u0142odsza \u2013 klasy 0 \u2013 III<br \/>\n<\/u>I miejsce \u2013 <strong>Natalia Wa\u0144ca \u2013 \u00a0kl.I<\/strong> (piosenka)<br \/>\nII miejsce \u2013 <strong>Szymon Latusek i Hubert Stachyta \u2013 <\/strong>\u00a0<strong>kl. 0<\/strong> (piosenka)<br \/>\nIII miejsce \u2013 <strong>Ksawery Bielak<\/strong> <strong>\u2013<\/strong> <strong>kl. 0<\/strong> (gra na akordeonie)<\/p>\n<p><u>grupa starsza \u2013 klasy IV \u2013 VI<\/u><br \/>\nI miejsce \u2013 <strong>Kacper Bielak \u2013 kl.VI <\/strong>(gra na akordeonie)<br \/>\nII miejsce \u2013 <strong>Agnieszka<\/strong> <strong>\u017benczakowska, Klaudia Mularz i Ania Bobak \u2013 kl.VI <\/strong>(taniec zespo\u0142owy)<br \/>\nIII miejsce \u2013 <strong>Wiktoria Bara\u0144ska \u2013 kl.IV <\/strong>(wiersz).<\/p>\n<p>Dzie\u0144 by\u0142 bardzo udany, uczniowie zadowoleni z tak sp\u0119dzonego czasu, ka\u017cdy otrzyma\u0142 co\u015b dla siebie, na wielu twarzach go\u015bci\u0142 u\u015bmiech i wida\u0107 by\u0142o ogromn\u0105 rado\u015b\u0107. Wiosna na dobre zawita\u0142a do naszej szko\u0142y.<\/p>\n<p><!--more--><\/p>\nngg_shortcode_0_placeholder\n","protected":false},"excerpt":{"rendered":"<p>Wsp\u00f3lne obchody Pierwszego Dnia Wiosny nale\u017c\u0105 do sta\u0142ych imprez i uroczysto\u015bci obchodzonych w\u00a0 naszej szkole. W tym roku dzie\u0144 21 marca by\u0142 jak zwykle pe\u0142en emocji. Pani Wiosna &#8222;zak\u0142\u00f3ci\u0142a&#8221; nieco panuj\u0105cy dotychczas porz\u0105dek. Na dw\u00f3ch pierwszych lekcjach mia\u0142a miejsce niecodzienna zamiana. Uczniowie z klas VI &#8211; VI stali si\u0119 nauczycielami i prowadzili lekcje, natomiast nauczyciele [&hellip;]<\/p>\n","protected":false},"author":2,"featured_media":0,"comment_status":"closed","ping_status":"closed","sticky":false,"template":"","format":"standard","meta":{"ngg_post_thumbnail":0,"footnotes":""},"categories":[100,4],"tags":[],"class_list":["post-4968","post","type-post","status-publish","format-standard","hentry","category-2015-2016","category-aktualnosci"],"_links":{"self":[{"href":"https:\/\/www.spbezmiechowa.pl\/index.php?rest_route=\/wp\/v2\/posts\/4968","targetHints":{"allow":["GET"]}}],"collection":[{"href":"https:\/\/www.spbezmiechowa.pl\/index.php?rest_route=\/wp\/v2\/posts"}],"about":[{"href":"https:\/\/www.spbezmiechowa.pl\/index.php?rest_route=\/wp\/v2\/types\/post"}],"author":[{"embeddable":true,"href":"https:\/\/www.spbezmiechowa.pl\/index.php?rest_route=\/wp\/v2\/users\/2"}],"replies":[{"embeddable":true,"href":"https:\/\/www.spbezmiechowa.pl\/index.php?rest_route=%2Fwp%2Fv2%2Fcomments&post=4968"}],"version-history":[{"count":3,"href":"https:\/\/www.spbezmiechowa.pl\/index.php?rest_route=\/wp\/v2\/posts\/4968\/revisions"}],"predecessor-version":[{"id":5074,"href":"https:\/\/www.spbezmiechowa.pl\/index.php?rest_route=\/wp\/v2\/posts\/4968\/revisions\/5074"}],"wp:attachment":[{"href":"https:\/\/www.spbezmiechowa.pl\/index.php?rest_route=%2Fwp%2Fv2%2Fmedia&parent=4968"}],"wp:term":[{"taxonomy":"category","embeddable":true,"href":"https:\/\/www.spbezmiechowa.pl\/index.php?rest_route=%2Fwp%2Fv2%2Fcategories&post=4968"},{"taxonomy":"post_tag","embeddable":true,"href":"https:\/\/www.spbezmiechowa.pl\/index.php?rest_route=%2Fwp%2Fv2%2Ftags&post=4968"}],"curies":[{"name":"wp","href":"https:\/\/api.w.org\/{rel}","templated":true}]}}