{"id":5869,"date":"2016-10-14T19:18:12","date_gmt":"2016-10-14T19:18:12","guid":{"rendered":"https:\/\/www.spbezmiechowa.pl\/?p=5869"},"modified":"2025-06-10T21:10:13","modified_gmt":"2025-06-10T21:10:13","slug":"pasowanie-na-ucznia-i-dzien-komisji-edukacji-narodowej","status":"publish","type":"post","link":"https:\/\/www.spbezmiechowa.pl\/?p=5869","title":{"rendered":"Pasowanie na ucznia i Dzie\u0144 Komisji Edukacji Narodowej"},"content":{"rendered":"<p>Uczniowie klasy pierwszej do uroczysto\u015bci Pasowania na ucznia przygotowywali si\u0119 od pocz\u0105tku roku szkolnego. Uczyli si\u0119 dzielnie tekst\u00f3w, wierszy, piosenek, wytrwale \u0107wiczyli podczas pr\u00f3b.<\/p>\n<p>13 pa\u017adziernika w naszej szkole panowa\u0142a \u015bwi\u0105teczna atmosfera, ch\u0142opcy z klasy pierwszej ubrani w \u015bwi\u0105teczny str\u00f3j galowy, dekoracja, przygotowany sprz\u0119t nag\u0142a\u015bniaj\u0105cy &#8211; to wszystko po to, aby \u015blubowanie pierwszak\u00f3w wypad\u0142o jak najbardziej uroczy\u015bcie.<\/p>\n<p>Wreszcie nadszed\u0142 moment rozpocz\u0119cia. Ch\u0142opcy, chc\u0105c by\u0107 przyj\u0119tymi do braci uczniowskiej, musieli zda\u0107 egzamin \u2013 pokaza\u0107 co wiedz\u0105 i potrafi\u0105. Nast\u0119pnie w niezwykle podnios\u0142ej atmosferze, przed pocztem sztandarowym \u015blubowali by\u0107 dobrymi Polakami, godnie reprezentowa\u0107 swoj\u0105 szko\u0142\u0119, swym zachowaniem i nauk\u0105 sprawia\u0107 rado\u015b\u0107 rodzicom i nauczycielom. Po z\u0142o\u017ceniu \u015blubowania Pani Dyrektor Lucyna Matuszewska dokona\u0142a symbolicznego pasowania na ucznia. &#8222;Pasuj\u0119 Ci\u0119 na ucznia&#8221; &#8211; m\u00f3wi\u0142a pani dyrektor, dotykaj\u0105c o\u0142\u00f3wkiem \u2013 jak czarodziejsk\u0105 r\u00f3\u017cd\u017ck\u0105 \u2013 \u00a0ramion swoich podopiecznych.<\/p>\n<p>Po burzy oklask\u00f3w, w od\u015bwi\u0119tnych strojach, w granatowych biretach na g\u0142owach pierwszacy b\u0142ysn\u0119li talentem \u2013 pi\u0119knie za\u015bpiewali piosenki i wyrecytowali wiersze.<\/p>\n<p>Nast\u0119pnie kole\u017canki i koledzy ze starszych klas \u017cyczyli im sukces\u00f3w w nauce, zapewnili o pomocy i opiece w szkole oraz poza ni\u0105. R\u00f3wnie\u017c rodzice pami\u0119tali o \u015bwi\u0119cie dzieci. Mamy zorganizowa\u0142y &#8222;s\u0142odkie przyj\u0119cie\u201d.<\/p>\n<p>Ten dzie\u0144 na d\u0142ugo zostanie pierwszakom w pami\u0119ci.<\/p>\n<p>Korzystaj\u0105c z okazji Samorz\u0105d Uczniowski postanowi\u0142 tak\u017ce uczci\u0107 Dzie\u0144 Komisji Edukacji Narodowej potocznie zwany Dniem Nauczyciela, kt\u00f3ry przypada na 14 pa\u017adziernika. \u00a0M\u0142odzi arty\u015bci pie\u015bni\u0105 i s\u0142owem u\u015bwietnili to wyj\u0105tkowe \u015bwi\u0119to. Wiele ciep\u0142ych i mi\u0142ych s\u0142\u00f3w pop\u0142yn\u0119\u0142o w kierunku naszych nauczycieli. Uczniowie docenili i podkre\u015blili swoj\u0105 \u00a0wdzi\u0119czno\u015b\u0107 za codzienny trud pracy nauczyciela, jego po\u015bwi\u0119cenie, czujno\u015b\u0107 i \u00a0trosk\u0119 o dobro wychowank\u00f3w.<\/p>\n<p>Ca\u0142a uroczysto\u015b\u0107 przebiega\u0142a w mi\u0142ej i radosnej atmosferze. Na zako\u0144czenie uczniowie z\u0142o\u017cyli \u017cyczenia wszystkim nauczycielom i wr\u0119czyli pi\u0119kne kwiaty.<\/p>\n<p><!--more--><\/p>\nngg_shortcode_0_placeholder\n","protected":false},"excerpt":{"rendered":"<p>Uczniowie klasy pierwszej do uroczysto\u015bci Pasowania na ucznia przygotowywali si\u0119 od pocz\u0105tku roku szkolnego. Uczyli si\u0119 dzielnie tekst\u00f3w, wierszy, piosenek, wytrwale \u0107wiczyli podczas pr\u00f3b. 13 pa\u017adziernika w naszej szkole panowa\u0142a \u015bwi\u0105teczna atmosfera, ch\u0142opcy z klasy pierwszej ubrani w \u015bwi\u0105teczny str\u00f3j galowy, dekoracja, przygotowany sprz\u0119t nag\u0142a\u015bniaj\u0105cy &#8211; to wszystko po to, aby \u015blubowanie pierwszak\u00f3w wypad\u0142o jak [&hellip;]<\/p>\n","protected":false},"author":2,"featured_media":5912,"comment_status":"closed","ping_status":"closed","sticky":false,"template":"","format":"standard","meta":{"ngg_post_thumbnail":0,"footnotes":""},"categories":[99,4],"tags":[],"class_list":["post-5869","post","type-post","status-publish","format-standard","has-post-thumbnail","hentry","category-2016-2017","category-aktualnosci"],"_links":{"self":[{"href":"https:\/\/www.spbezmiechowa.pl\/index.php?rest_route=\/wp\/v2\/posts\/5869","targetHints":{"allow":["GET"]}}],"collection":[{"href":"https:\/\/www.spbezmiechowa.pl\/index.php?rest_route=\/wp\/v2\/posts"}],"about":[{"href":"https:\/\/www.spbezmiechowa.pl\/index.php?rest_route=\/wp\/v2\/types\/post"}],"author":[{"embeddable":true,"href":"https:\/\/www.spbezmiechowa.pl\/index.php?rest_route=\/wp\/v2\/users\/2"}],"replies":[{"embeddable":true,"href":"https:\/\/www.spbezmiechowa.pl\/index.php?rest_route=%2Fwp%2Fv2%2Fcomments&post=5869"}],"version-history":[{"count":2,"href":"https:\/\/www.spbezmiechowa.pl\/index.php?rest_route=\/wp\/v2\/posts\/5869\/revisions"}],"predecessor-version":[{"id":5911,"href":"https:\/\/www.spbezmiechowa.pl\/index.php?rest_route=\/wp\/v2\/posts\/5869\/revisions\/5911"}],"wp:featuredmedia":[{"embeddable":true,"href":"https:\/\/www.spbezmiechowa.pl\/index.php?rest_route=\/wp\/v2\/media\/5912"}],"wp:attachment":[{"href":"https:\/\/www.spbezmiechowa.pl\/index.php?rest_route=%2Fwp%2Fv2%2Fmedia&parent=5869"}],"wp:term":[{"taxonomy":"category","embeddable":true,"href":"https:\/\/www.spbezmiechowa.pl\/index.php?rest_route=%2Fwp%2Fv2%2Fcategories&post=5869"},{"taxonomy":"post_tag","embeddable":true,"href":"https:\/\/www.spbezmiechowa.pl\/index.php?rest_route=%2Fwp%2Fv2%2Ftags&post=5869"}],"curies":[{"name":"wp","href":"https:\/\/api.w.org\/{rel}","templated":true}]}}