{"id":6353,"date":"2017-02-07T21:25:07","date_gmt":"2017-02-07T21:25:07","guid":{"rendered":"https:\/\/www.spbezmiechowa.pl\/?p=6353"},"modified":"2025-06-10T21:08:41","modified_gmt":"2025-06-10T21:08:41","slug":"konkurs-moja-ulubiona-postac-bajkowa-rozstrzygniety","status":"publish","type":"post","link":"https:\/\/www.spbezmiechowa.pl\/?p=6353","title":{"rendered":"Konkurs &#8222;Moja ulubiona posta\u0107 bajkowa&#8221; rozstrzygni\u0119ty"},"content":{"rendered":"<p>W poniedzia\u0142ek 06.02.2017r. w Oddziale Przedszkolnym zosta\u0142 rozstrzygni\u0119ty konkurs plastyczno \u2013 czytelniczy pt. \u201eMoja ulubiona posta\u0107 bajkowa.\u201d\u00a0 Wszystkie prace by\u0142y przepi\u0119kne, wykonane dowoln\u0105 technik\u0105, na bardzo wysokim poziomie. Do ich wyczarowania nasi arty\u015bci &#8211; rodzice i ich pociechy &#8211; wykorzystali r\u00f3\u017cne materia\u0142y np: bibu\u0142\u0119, w\u0142\u00f3czk\u0119, kredki, farby, pi\u00f3rka, kolorowy papier, plastikowe kubki, koraliki i wiele jeszcze innych drobiazg\u00f3w. Co komu podpowiada\u0142a fantazja.\u00a0Bohaterowie ulubionych bajek dumnie prezentowali si\u0119 na kartkach formatu A4, na du\u017cych kartonach w 3D oraz jako prace przestrzenne. Stworzenie ka\u017cdej z tych postaci wymaga\u0142o po\u015bwi\u0119cenia, staranno\u015bci o najdrobniejszy szczeg\u00f3\u0142, estetyki, ciekawego pomys\u0142u. \u00a0Przedszkolaczki przy sporym zaanga\u017cowaniu rodzic\u00f3w\u00a0wykaza\u0142y si\u0119 ogromn\u0105 wyobra\u017ani\u0105 i talentem plastycznym. Do wy\u0142onienia zwyci\u0119zc\u00f3w zosta\u0142o powo\u0142ane jury sk\u0142adaj\u0105ce si\u0119 z rodzic\u00f3w i p. Zofii Przyg\u00f3rzewskiej.<\/p>\n<p>Pierwsze miejsce zaj\u0119\u0142y: Martyna i Emilia Ba\u0144czak<\/p>\n<p>Drugie miejsce &#8211; Maja Dyba\u015b<\/p>\n<p>Trzecie miejsce &#8211; Maja Szramowiat<\/p>\n<p>Zwyci\u0119zcy otrzymali dyplomy, upominki w postaci bajeczek i s\u0142odki drobiazg, natomiast pozosta\u0142e dzieci dosta\u0142y wyr\u00f3\u017cnienia w formie dyplom\u00f3w i lizaki. Wszystkim dzieciom i ich rodzicom serdecznie dzi\u0119kuj\u0119 za wielkie zaanga\u017cowanie, mi\u0142\u0105, wsp\u00f3ln\u0105 podr\u00f3\u017c do \u015bwiata ba\u015bni oraz za niezapomniane prze\u017cycia estetyczne.<\/p>\n<p style=\"text-align: right;\">wych. Kamila Fedak<\/p>\n<p style=\"text-align: left;\"><!--more--><\/p>\n<p style=\"text-align: left;\">\u00a0ngg_shortcode_0_placeholder<\/p>\n","protected":false},"excerpt":{"rendered":"<p>W poniedzia\u0142ek 06.02.2017r. w Oddziale Przedszkolnym zosta\u0142 rozstrzygni\u0119ty konkurs plastyczno \u2013 czytelniczy pt. \u201eMoja ulubiona posta\u0107 bajkowa.\u201d\u00a0 Wszystkie prace by\u0142y przepi\u0119kne, wykonane dowoln\u0105 technik\u0105, na bardzo wysokim poziomie. Do ich wyczarowania nasi arty\u015bci &#8211; rodzice i ich pociechy &#8211; wykorzystali r\u00f3\u017cne materia\u0142y np: bibu\u0142\u0119, w\u0142\u00f3czk\u0119, kredki, farby, pi\u00f3rka, kolorowy papier, plastikowe kubki, koraliki i wiele [&hellip;]<\/p>\n","protected":false},"author":2,"featured_media":6355,"comment_status":"closed","ping_status":"closed","sticky":false,"template":"","format":"standard","meta":{"ngg_post_thumbnail":0,"footnotes":""},"categories":[99,4],"tags":[],"class_list":["post-6353","post","type-post","status-publish","format-standard","has-post-thumbnail","hentry","category-2016-2017","category-aktualnosci"],"_links":{"self":[{"href":"https:\/\/www.spbezmiechowa.pl\/index.php?rest_route=\/wp\/v2\/posts\/6353","targetHints":{"allow":["GET"]}}],"collection":[{"href":"https:\/\/www.spbezmiechowa.pl\/index.php?rest_route=\/wp\/v2\/posts"}],"about":[{"href":"https:\/\/www.spbezmiechowa.pl\/index.php?rest_route=\/wp\/v2\/types\/post"}],"author":[{"embeddable":true,"href":"https:\/\/www.spbezmiechowa.pl\/index.php?rest_route=\/wp\/v2\/users\/2"}],"replies":[{"embeddable":true,"href":"https:\/\/www.spbezmiechowa.pl\/index.php?rest_route=%2Fwp%2Fv2%2Fcomments&post=6353"}],"version-history":[{"count":2,"href":"https:\/\/www.spbezmiechowa.pl\/index.php?rest_route=\/wp\/v2\/posts\/6353\/revisions"}],"predecessor-version":[{"id":6356,"href":"https:\/\/www.spbezmiechowa.pl\/index.php?rest_route=\/wp\/v2\/posts\/6353\/revisions\/6356"}],"wp:featuredmedia":[{"embeddable":true,"href":"https:\/\/www.spbezmiechowa.pl\/index.php?rest_route=\/wp\/v2\/media\/6355"}],"wp:attachment":[{"href":"https:\/\/www.spbezmiechowa.pl\/index.php?rest_route=%2Fwp%2Fv2%2Fmedia&parent=6353"}],"wp:term":[{"taxonomy":"category","embeddable":true,"href":"https:\/\/www.spbezmiechowa.pl\/index.php?rest_route=%2Fwp%2Fv2%2Fcategories&post=6353"},{"taxonomy":"post_tag","embeddable":true,"href":"https:\/\/www.spbezmiechowa.pl\/index.php?rest_route=%2Fwp%2Fv2%2Ftags&post=6353"}],"curies":[{"name":"wp","href":"https:\/\/api.w.org\/{rel}","templated":true}]}}