{"id":6603,"date":"2017-05-17T19:15:58","date_gmt":"2017-05-17T19:15:58","guid":{"rendered":"https:\/\/www.spbezmiechowa.pl\/?p=6603"},"modified":"2025-06-10T21:07:51","modified_gmt":"2025-06-10T21:07:51","slug":"przeglad-sztuki-recytatorskiej-bieszczady-w-poezji-i-piosence","status":"publish","type":"post","link":"https:\/\/www.spbezmiechowa.pl\/?p=6603","title":{"rendered":"Przegl\u0105d Sztuki Recytatorskiej &#8222;Bieszczady w poezji i piosence&#8221;"},"content":{"rendered":"<p>Pi\u0119kno otaczaj\u0105cej nas bieszczadzkiej przyrody zas\u0142uguje na szczeg\u00f3lne wyr\u00f3\u017cnienie, dlatego te\u017c 16 maja 2017 r. odby\u0142 si\u0119 w PiMBP w Lesku Przegl\u0105d Sztuki Recytatorskiej \u201eBIESZCZADY W POEZJI I PIOSENCE\u201d zorganizowany przez Powiatow\u0105 i Miejsk\u0105 Bibliotek\u0119 Publiczn\u0105 w Lesku.<\/p>\n<p>W konkursie wzi\u0119li udzia\u0142 uczniowie starszych klas szk\u00f3\u0142 podstawowych oraz gimnazj\u00f3w\u00a0z powiatu leskiego i bieszczadzkiego. Nasz\u0105 szko\u0142\u0119 w kategorii <u>recytacja<\/u> reprezentowali: <strong>Roksana J\u00f3zefczyk <\/strong>kl. IV, <strong>Wiktoria Bara\u0144ska<\/strong> i <strong>Piotr Ob\u0142aski<\/strong> kl. V oraz <strong>Zuzanna Stachyra<\/strong> kl. VI.\u00a0Ka\u017cdy z uczestnik\u00f3w prezentowa\u0142 2 utwory: jeden dotyczy\u0142 naszej bieszczadzkiej krainy, drugi m\u00f3g\u0142 by\u0107 dowolny.<\/p>\n<p>Publiczno\u015b\u0107 z uwag\u0105 ws\u0142ucha\u0142a si\u0119 w przedstawiane teksty. \u00a0To dzi\u0119ki nim mo\u017cna by\u0142o &#8222;przenie\u015b\u0107 si\u0119&#8221; na po\u0142oniny i m\u00f3c podziwia\u0107 pi\u0119kno (zmieniaj\u0105cych si\u0119 wraz z porami roku) krajobraz\u00f3w, ro\u015bliny i zwierz\u0119ta tej ziemi a tak\u017ce &#8222;us\u0142ysze\u0107&#8221; cerkiewne dzwony.<\/p>\n<p>Komisja w osobach pa\u0144 nauczycielek Bernadety Wyszatyckiej i Zofii Przyg\u00f3rzewskiej oraz bibliotekarki Jadwigi S\u0105siadek wszystkim uczestnikom podzi\u0119kowa\u0142a za dostarczone wra\u017cenia. Ka\u017cdy otrzyma\u0142 pami\u0105tkowe nagrody i zaproszenie na kolejne spotkanie za rok.<\/p>\n<p style=\"text-align: left;\"><!--more--><\/p>\n<p style=\"text-align: left;\">ngg_shortcode_0_placeholder<\/p>\n<p>&nbsp;<\/p>\n","protected":false},"excerpt":{"rendered":"<p>Pi\u0119kno otaczaj\u0105cej nas bieszczadzkiej przyrody zas\u0142uguje na szczeg\u00f3lne wyr\u00f3\u017cnienie, dlatego te\u017c 16 maja 2017 r. odby\u0142 si\u0119 w PiMBP w Lesku Przegl\u0105d Sztuki Recytatorskiej \u201eBIESZCZADY W POEZJI I PIOSENCE\u201d zorganizowany przez Powiatow\u0105 i Miejsk\u0105 Bibliotek\u0119 Publiczn\u0105 w Lesku. W konkursie wzi\u0119li udzia\u0142 uczniowie starszych klas szk\u00f3\u0142 podstawowych oraz gimnazj\u00f3w\u00a0z powiatu leskiego i bieszczadzkiego. Nasz\u0105 szko\u0142\u0119 [&hellip;]<\/p>\n","protected":false},"author":2,"featured_media":6668,"comment_status":"closed","ping_status":"closed","sticky":false,"template":"","format":"standard","meta":{"ngg_post_thumbnail":0,"footnotes":""},"categories":[99,4],"tags":[],"class_list":["post-6603","post","type-post","status-publish","format-standard","has-post-thumbnail","hentry","category-2016-2017","category-aktualnosci"],"_links":{"self":[{"href":"https:\/\/www.spbezmiechowa.pl\/index.php?rest_route=\/wp\/v2\/posts\/6603","targetHints":{"allow":["GET"]}}],"collection":[{"href":"https:\/\/www.spbezmiechowa.pl\/index.php?rest_route=\/wp\/v2\/posts"}],"about":[{"href":"https:\/\/www.spbezmiechowa.pl\/index.php?rest_route=\/wp\/v2\/types\/post"}],"author":[{"embeddable":true,"href":"https:\/\/www.spbezmiechowa.pl\/index.php?rest_route=\/wp\/v2\/users\/2"}],"replies":[{"embeddable":true,"href":"https:\/\/www.spbezmiechowa.pl\/index.php?rest_route=%2Fwp%2Fv2%2Fcomments&post=6603"}],"version-history":[{"count":2,"href":"https:\/\/www.spbezmiechowa.pl\/index.php?rest_route=\/wp\/v2\/posts\/6603\/revisions"}],"predecessor-version":[{"id":6606,"href":"https:\/\/www.spbezmiechowa.pl\/index.php?rest_route=\/wp\/v2\/posts\/6603\/revisions\/6606"}],"wp:featuredmedia":[{"embeddable":true,"href":"https:\/\/www.spbezmiechowa.pl\/index.php?rest_route=\/wp\/v2\/media\/6668"}],"wp:attachment":[{"href":"https:\/\/www.spbezmiechowa.pl\/index.php?rest_route=%2Fwp%2Fv2%2Fmedia&parent=6603"}],"wp:term":[{"taxonomy":"category","embeddable":true,"href":"https:\/\/www.spbezmiechowa.pl\/index.php?rest_route=%2Fwp%2Fv2%2Fcategories&post=6603"},{"taxonomy":"post_tag","embeddable":true,"href":"https:\/\/www.spbezmiechowa.pl\/index.php?rest_route=%2Fwp%2Fv2%2Ftags&post=6603"}],"curies":[{"name":"wp","href":"https:\/\/api.w.org\/{rel}","templated":true}]}}