{"id":7375,"date":"2017-11-03T11:27:42","date_gmt":"2017-11-03T11:27:42","guid":{"rendered":"https:\/\/www.spbezmiechowa.pl\/?p=7375"},"modified":"2025-06-10T21:05:17","modified_gmt":"2025-06-10T21:05:17","slug":"pasowanie-na-przedszkolaka-2","status":"publish","type":"post","link":"https:\/\/www.spbezmiechowa.pl\/?p=7375","title":{"rendered":"Pasowanie na Przedszkolaka"},"content":{"rendered":"<p>31 pa\u017adziernika by\u0142 dniem d\u0142ugo wyczekiwanym przez dzieci z oddzia\u0142u przedszkolnego. By\u0142 to dzie\u0144 <strong>Pasowania na przedszkolaka<\/strong>. Wydarzenie to w&nbsp;du\u017cym stopniu stanowi symboliczne zako\u0144czenie procesu adaptacyjnego do warunk\u00f3w i&nbsp;zasad panuj\u0105cych w&nbsp;przedszkolu. Podczas uroczysto\u015bci pasowania nasze Krasnoludki swoim zachowaniem potwierdzi\u0142y, \u017ce dobrze si\u0119 czuj\u0105 w&nbsp;naszym przedszkolu.<\/p>\n<p>Dwa tygodnie przed uroczysto\u015bci\u0105 rodzice oraz pani dyrektor otrzymali kolorowe zaproszenia. Pasowanie na Przedszkolaka by\u0142o wyj\u0105tkowym wydarzeniem dla dzieci, a szczeg\u00f3lnie dla najm\u0142odszych \u2013 rozpoczynaj\u0105cych przygod\u0119 z przedszkolem. To one po raz pierwszy wyst\u0105pi\u0142y przed tak licznie zgromadzon\u0105 publiczno\u015bci\u0105, w\u015br\u00f3d kt\u00f3rej nie zabrak\u0142o rodzic\u00f3w, rodze\u0144stwa i dziadk\u00f3w.&nbsp;<\/p>\n<p>Od\u015bwi\u0119tnie ubrane maluchy recytowa\u0142y wiersze, \u015bpiewa\u0142y i ta\u0144czy\u0142y zamieniaj\u0105c si\u0119 w prawdziwych krasnali, a po wyst\u0119pach uroczy\u015bcie poprosi\u0142y pani\u0105 dyrektor o pasowanie. W odpowiedzi na pro\u015bb\u0119 pani dyrektor Lucyna Matuszewska k\u0142ad\u0142a na ramieniu ka\u017cdego dziecka magiczn\u0105 r\u00f3\u017cd\u017ck\u0119 \u2013 krasnala i nadawa\u0142a mu miano przedszkolaka. Po pasowaniu wychowawczyni Joanna Latusek gratuluj\u0105c, wr\u0119czy\u0142a ka\u017cdemu przedszkolakowi pami\u0105tkowy dyplom.<\/p>\n<p>Na sali panowa\u0142a mi\u0142a atmosfera, by\u0142y ta\u0144ce, zabawy balonami i wsp\u00f3lne rozmowy przy herbatce i ciasteczkach. Na zako\u0144czenie ka\u017cdy przedszkolak otrzyma\u0142 niespodziank\u0119 \u2013 poduszk\u0119 ze swoim zdj\u0119ciem i wdrukowanym imieniem. Tego dnia nie brakowa\u0142o rado\u015bci, \u015bmiechu i dobrej zabawy!<\/p>\n<p>Dzi\u0119kuj\u0119 wszystkim rodzicom za wsp\u00f3\u0142prac\u0119, zorganizowanie pocz\u0119stunku, a szczeg\u00f3lnie dw\u00f3m mamom \u2013 p. And\u017celice Szramowiat i p. Kamili Stram za ogromne zaanga\u017cowanie w przygotowanie wystroju sali i upomink\u00f3w dla dzieci.<\/p>\n<p style=\"text-align: right;\">tekst i fot.: Joanna Latusek<\/p>\n<p><!--more--><\/p>\nngg_shortcode_0_placeholder\n","protected":false},"excerpt":{"rendered":"<p>31 pa\u017adziernika by\u0142 dniem d\u0142ugo wyczekiwanym przez dzieci z oddzia\u0142u przedszkolnego. By\u0142 to dzie\u0144 Pasowania na przedszkolaka. Wydarzenie to w&nbsp;du\u017cym stopniu stanowi symboliczne zako\u0144czenie procesu adaptacyjnego do warunk\u00f3w i&nbsp;zasad panuj\u0105cych w&nbsp;przedszkolu. Podczas uroczysto\u015bci pasowania nasze Krasnoludki swoim zachowaniem potwierdzi\u0142y, \u017ce dobrze si\u0119 czuj\u0105 w&nbsp;naszym przedszkolu. Dwa tygodnie przed uroczysto\u015bci\u0105 rodzice oraz pani dyrektor otrzymali kolorowe [&hellip;]<\/p>\n","protected":false},"author":2,"featured_media":7434,"comment_status":"closed","ping_status":"closed","sticky":false,"template":"","format":"standard","meta":{"ngg_post_thumbnail":0,"footnotes":""},"categories":[98,4],"tags":[],"class_list":["post-7375","post","type-post","status-publish","format-standard","has-post-thumbnail","hentry","category-2017-2018","category-aktualnosci"],"_links":{"self":[{"href":"https:\/\/www.spbezmiechowa.pl\/index.php?rest_route=\/wp\/v2\/posts\/7375","targetHints":{"allow":["GET"]}}],"collection":[{"href":"https:\/\/www.spbezmiechowa.pl\/index.php?rest_route=\/wp\/v2\/posts"}],"about":[{"href":"https:\/\/www.spbezmiechowa.pl\/index.php?rest_route=\/wp\/v2\/types\/post"}],"author":[{"embeddable":true,"href":"https:\/\/www.spbezmiechowa.pl\/index.php?rest_route=\/wp\/v2\/users\/2"}],"replies":[{"embeddable":true,"href":"https:\/\/www.spbezmiechowa.pl\/index.php?rest_route=%2Fwp%2Fv2%2Fcomments&post=7375"}],"version-history":[{"count":5,"href":"https:\/\/www.spbezmiechowa.pl\/index.php?rest_route=\/wp\/v2\/posts\/7375\/revisions"}],"predecessor-version":[{"id":7436,"href":"https:\/\/www.spbezmiechowa.pl\/index.php?rest_route=\/wp\/v2\/posts\/7375\/revisions\/7436"}],"wp:featuredmedia":[{"embeddable":true,"href":"https:\/\/www.spbezmiechowa.pl\/index.php?rest_route=\/wp\/v2\/media\/7434"}],"wp:attachment":[{"href":"https:\/\/www.spbezmiechowa.pl\/index.php?rest_route=%2Fwp%2Fv2%2Fmedia&parent=7375"}],"wp:term":[{"taxonomy":"category","embeddable":true,"href":"https:\/\/www.spbezmiechowa.pl\/index.php?rest_route=%2Fwp%2Fv2%2Fcategories&post=7375"},{"taxonomy":"post_tag","embeddable":true,"href":"https:\/\/www.spbezmiechowa.pl\/index.php?rest_route=%2Fwp%2Fv2%2Ftags&post=7375"}],"curies":[{"name":"wp","href":"https:\/\/api.w.org\/{rel}","templated":true}]}}