{"id":7487,"date":"2017-11-12T13:15:22","date_gmt":"2017-11-12T13:15:22","guid":{"rendered":"https:\/\/www.spbezmiechowa.pl\/?p=7487"},"modified":"2025-06-10T21:05:03","modified_gmt":"2025-06-10T21:05:03","slug":"apel-z-okazji-99-rocznicy-odzyskania-przez-polske-niepodleglosci","status":"publish","type":"post","link":"https:\/\/www.spbezmiechowa.pl\/?p=7487","title":{"rendered":"Apel z okazji 99. rocznicy odzyskania przez Polsk\u0119 niepodleg\u0142o\u015bci"},"content":{"rendered":"<p style=\"text-align: right;\">\u201eW historii Polski tak si\u0119 sk\u0142ada,<\/p>\n<p style=\"text-align: right;\">By\u0142 kiedy\u015b ponad wiek niewoli.<\/p>\n<p style=\"text-align: right;\"><strong>Jedenastego Listopada <\/strong><\/p>\n<p style=\"text-align: right;\">Nasz kraj z niewoli si\u0119 wyzwoli\u0142 (\u2026)\u201d.<\/p>\n<p>11 listopada 2017 r. w naszej szkole odby\u0142a si\u0119 uroczysta akademia z okazji Narodowego \u015awi\u0119ta Niepodleg\u0142o\u015bci. W tym roku obchodzili\u015bmy 99. rocznic\u0119 wyzwolenia naszego kraju po 123 latach zabor\u00f3w. Uczniowie klas IV-VII u\u015bwietnili ten wa\u017cny dzie\u0144 programem artystycznym przygotowanym pod kierunkiem pani Diany Marcyszyn.<\/p>\n<p>&nbsp;Ide\u0105 apelu by\u0142o przypomnienie bezimiennych bohater\u00f3w walki o niepodleg\u0142o\u015b\u0107, a potem wolno\u015b\u0107. Pami\u0119\u0107 minionych dni i dum\u0119 z odzyskanej niepodleg\u0142o\u015bci przywo\u0142a\u0142y wiersze i pie\u015bni o tematyce patriotycznej. Wszyscy uczestnicy apelu wsp\u00f3lnie \u015bpiewali utwory, kt\u00f3re towarzyszy\u0142y naszym przodkom w drodze ku wolno\u015bci: &#8222;Bia\u0142e r\u00f3\u017ce&#8221;, &#8222;Pie\u015b\u0144 Legion\u00f3w Polskich&#8221;, &#8222;Rota&#8221; i \u201ePierwsza Kadrowa\u201d. \u015apiewaj\u0105cym towarzyszy\u0142 pan Rados\u0142aw Nosek akompaniuj\u0105c na keyboardzie.<\/p>\n<p>Narratorzy, z nale\u017cytym szacunkiem przedstawili histori\u0119 rozbior\u00f3w, a pozostali uczestnicy deklamowali wiersze patriotyczne. Podczas ca\u0142ej uroczysto\u015bci pali\u0142y si\u0119 bia\u0142o czerwone \u015bwiece upami\u0119tniaj\u0105ce patriot\u00f3w poleg\u0142ych za Ojczyzn\u0119.<\/p>\n<p>Arty\u015bci zebrali zas\u0142u\u017cone brawa. Apel u\u015bwiadomi\u0142 wszystkim uczniom, jak wa\u017cna jest Polska &#8211; nasza Ojczyzna oraz co w dzisiejszych czasach znaczy s\u0142owo: Wolno\u015b\u0107.<\/p>\n<p style=\"text-align: right;\">Tekst: Diana Marcyszyn<\/p>\n<p><!--more--><\/p>\nngg_shortcode_0_placeholder\n<p>&nbsp;<\/p>\n","protected":false},"excerpt":{"rendered":"<p>\u201eW historii Polski tak si\u0119 sk\u0142ada, By\u0142 kiedy\u015b ponad wiek niewoli. Jedenastego Listopada Nasz kraj z niewoli si\u0119 wyzwoli\u0142 (\u2026)\u201d. 11 listopada 2017 r. w naszej szkole odby\u0142a si\u0119 uroczysta akademia z okazji Narodowego \u015awi\u0119ta Niepodleg\u0142o\u015bci. W tym roku obchodzili\u015bmy 99. rocznic\u0119 wyzwolenia naszego kraju po 123 latach zabor\u00f3w. Uczniowie klas IV-VII u\u015bwietnili ten wa\u017cny [&hellip;]<\/p>\n","protected":false},"author":2,"featured_media":7516,"comment_status":"closed","ping_status":"closed","sticky":false,"template":"","format":"standard","meta":{"ngg_post_thumbnail":0,"footnotes":""},"categories":[98,4],"tags":[],"class_list":["post-7487","post","type-post","status-publish","format-standard","has-post-thumbnail","hentry","category-2017-2018","category-aktualnosci"],"_links":{"self":[{"href":"https:\/\/www.spbezmiechowa.pl\/index.php?rest_route=\/wp\/v2\/posts\/7487","targetHints":{"allow":["GET"]}}],"collection":[{"href":"https:\/\/www.spbezmiechowa.pl\/index.php?rest_route=\/wp\/v2\/posts"}],"about":[{"href":"https:\/\/www.spbezmiechowa.pl\/index.php?rest_route=\/wp\/v2\/types\/post"}],"author":[{"embeddable":true,"href":"https:\/\/www.spbezmiechowa.pl\/index.php?rest_route=\/wp\/v2\/users\/2"}],"replies":[{"embeddable":true,"href":"https:\/\/www.spbezmiechowa.pl\/index.php?rest_route=%2Fwp%2Fv2%2Fcomments&post=7487"}],"version-history":[{"count":2,"href":"https:\/\/www.spbezmiechowa.pl\/index.php?rest_route=\/wp\/v2\/posts\/7487\/revisions"}],"predecessor-version":[{"id":7489,"href":"https:\/\/www.spbezmiechowa.pl\/index.php?rest_route=\/wp\/v2\/posts\/7487\/revisions\/7489"}],"wp:featuredmedia":[{"embeddable":true,"href":"https:\/\/www.spbezmiechowa.pl\/index.php?rest_route=\/wp\/v2\/media\/7516"}],"wp:attachment":[{"href":"https:\/\/www.spbezmiechowa.pl\/index.php?rest_route=%2Fwp%2Fv2%2Fmedia&parent=7487"}],"wp:term":[{"taxonomy":"category","embeddable":true,"href":"https:\/\/www.spbezmiechowa.pl\/index.php?rest_route=%2Fwp%2Fv2%2Fcategories&post=7487"},{"taxonomy":"post_tag","embeddable":true,"href":"https:\/\/www.spbezmiechowa.pl\/index.php?rest_route=%2Fwp%2Fv2%2Ftags&post=7487"}],"curies":[{"name":"wp","href":"https:\/\/api.w.org\/{rel}","templated":true}]}}