{"id":755,"date":"2011-06-28T15:07:46","date_gmt":"2011-06-28T15:07:46","guid":{"rendered":"https:\/\/www.spbezmiechowa.pl\/?p=755"},"modified":"2025-06-10T21:30:10","modified_gmt":"2025-06-10T21:30:10","slug":"pasowanie-na-przedszkolaka-i-pozegnanie-starszakow","status":"publish","type":"post","link":"https:\/\/www.spbezmiechowa.pl\/?p=755","title":{"rendered":"Pasowanie na przedszkolaka i po\u017cegnanie &#8222;starszak\u00f3w&#8221;"},"content":{"rendered":"<p>21 czerwca 2011 r. odby\u0142a si\u0119 w Punkcie Przedszkolnym uroczysto\u015b\u0107 Pasowania na Przedszkolaka a tak\u017ce po\u017cegnanie \u201estarszak\u00f3w\u201d, kt\u00f3rzy od wrze\u015bnia b\u0119d\u0105 ucz\u0119szcza\u0107 do\u00a0\u00a0 \u201ezer\u00f3wki\u201d.<\/p>\n<p>Pasowanie maluch\u00f3w to dow\u00f3d na zintegrowanie dzieci ze \u015brodowiskiem przedszkolnym,\u00a0 wykszta\u0142towane umiej\u0119tno\u015bci wsp\u00f3\u0142dzia\u0142ania w grupie i zdolno\u015b\u0107 prezentowania swoich umiej\u0119tno\u015bci. Prezentacja umiej\u0119tno\u015bci dzieci uda\u0142a si\u0119 wspaniale, wszystkie maluchy ochoczo recytowa\u0142y wiersze, \u015bpiewa\u0142y piosenki a najpi\u0119kniej wyst\u0105pi\u0142y<br \/>\nw zabawie tanecznej \u201e Jag\u00f3dki\u201d.<\/p>\n<p>Ubrane by\u0142y w jednakowe stroje uszyte przez mam\u0119 Laury Mularz. Dziewczynki<br \/>\nw zielonych sp\u00f3dniczkach i seledynowych bolerkach z granatowymi emblematami wygl\u0105da\u0142y jak prawdziwe jag\u00f3dki. Ch\u0142opcy te\u017c nie wygl\u0105dali gorzej w jednakowych zielonych spodniach z\u00a0\u00a0 granatowymi le\u015bnymi jagodami.<\/p>\n<p>Po wyst\u0105pieniach\u00a0 przyszed\u0142 czas na pasowanie najm\u0142odszych. Pani dyrektor Lucyna Matuszewska zwr\u00f3ci\u0142a uwag\u0119 wszystkich dzieci\u00a0 na s\u0142onecznego \u201emisia\u201d, kt\u00f3rym pasowa\u0142a maluch\u00f3w i\u00a0 czapki &#8211; birety przedszkolaka, do nakrycia g\u0142owy po pasowaniu.<\/p>\n<p>Najpierw 3 i 4-latki z\u0142o\u017cy\u0142y \u015blubowanie.<\/p>\n<p>Pani Dyrektor pyta\u0142a:<\/p>\n<ol>\n<li><strong>Czy obiecujecie grzecznie si\u0119 bawi\u0107? <\/strong><\/li>\n<li><strong>Czy obiecujecie by\u0107 dobrymi kolegami? <\/strong><\/li>\n<li><strong>Czy obiecujecie by\u0107 dzielnymi przedszkolakami?<\/strong><\/li>\n<\/ol>\n<p>Na ka\u017cde z postawionych pyta\u0144 dzieci odpowiada\u0142y twierdz\u0105co.<\/p>\n<p>Nast\u0119pnie wszystkich udekorowano czapkami przedszkolaka i wykonano wsp\u00f3lne zdj\u0119cia. Starszaki przedstawi\u0142y pi\u0119kn\u0105 inscenizacj\u0119 muzyczn\u0105 \u201eNa \u0142\u0105ce\u201d. Przebrane by\u0142y w kolorowe stroje owad\u00f3w, kwiat\u00f3w, ptak\u00f3w, postacie wiosny, lata.<\/p>\n<p>R\u00f3wnie\u017c inscenizacja \u201eBiedronka i \u017buk\u201d w wykonaniu dzieci starszych te\u017c bardzo podoba\u0142a si\u0119 wszystkim widzom.<\/p>\n<p>Na koniec \u201estarszaki\u201d otrzymali dyplomy uko\u0144czenia przedszkola i na po\u017cegnanie zrobili wsp\u00f3lna fotk\u0119.<\/p>\n<p>Uroczysto\u015b\u0107 zako\u0144czono s\u0142odkim pocz\u0119stunkiem przygotowanym przez rodzic\u00f3w.<\/p>\n<p style=\"text-align: right;\">Zofia Przyg\u00f3rzewska<\/p>\n<p style=\"text-align: left;\"><!--more--><\/p>\n<p style=\"text-align: left;\">ngg_shortcode_0_placeholder<\/p>\n<p>&nbsp;<\/p>\n","protected":false},"excerpt":{"rendered":"<p>21 czerwca 2011 r. odby\u0142a si\u0119 w Punkcie Przedszkolnym uroczysto\u015b\u0107 Pasowania na Przedszkolaka a tak\u017ce po\u017cegnanie \u201estarszak\u00f3w\u201d, kt\u00f3rzy od wrze\u015bnia b\u0119d\u0105 ucz\u0119szcza\u0107 do\u00a0\u00a0 \u201ezer\u00f3wki\u201d. Pasowanie maluch\u00f3w to dow\u00f3d na zintegrowanie dzieci ze \u015brodowiskiem przedszkolnym,\u00a0 wykszta\u0142towane umiej\u0119tno\u015bci wsp\u00f3\u0142dzia\u0142ania w grupie i zdolno\u015b\u0107 prezentowania swoich umiej\u0119tno\u015bci. Prezentacja umiej\u0119tno\u015bci dzieci uda\u0142a si\u0119 wspaniale, wszystkie maluchy ochoczo recytowa\u0142y wiersze, [&hellip;]<\/p>\n","protected":false},"author":2,"featured_media":0,"comment_status":"closed","ping_status":"open","sticky":false,"template":"","format":"standard","meta":{"ngg_post_thumbnail":0,"footnotes":""},"categories":[104,4],"tags":[],"class_list":["post-755","post","type-post","status-publish","format-standard","hentry","category-104","category-aktualnosci"],"_links":{"self":[{"href":"https:\/\/www.spbezmiechowa.pl\/index.php?rest_route=\/wp\/v2\/posts\/755","targetHints":{"allow":["GET"]}}],"collection":[{"href":"https:\/\/www.spbezmiechowa.pl\/index.php?rest_route=\/wp\/v2\/posts"}],"about":[{"href":"https:\/\/www.spbezmiechowa.pl\/index.php?rest_route=\/wp\/v2\/types\/post"}],"author":[{"embeddable":true,"href":"https:\/\/www.spbezmiechowa.pl\/index.php?rest_route=\/wp\/v2\/users\/2"}],"replies":[{"embeddable":true,"href":"https:\/\/www.spbezmiechowa.pl\/index.php?rest_route=%2Fwp%2Fv2%2Fcomments&post=755"}],"version-history":[{"count":1,"href":"https:\/\/www.spbezmiechowa.pl\/index.php?rest_route=\/wp\/v2\/posts\/755\/revisions"}],"predecessor-version":[{"id":5796,"href":"https:\/\/www.spbezmiechowa.pl\/index.php?rest_route=\/wp\/v2\/posts\/755\/revisions\/5796"}],"wp:attachment":[{"href":"https:\/\/www.spbezmiechowa.pl\/index.php?rest_route=%2Fwp%2Fv2%2Fmedia&parent=755"}],"wp:term":[{"taxonomy":"category","embeddable":true,"href":"https:\/\/www.spbezmiechowa.pl\/index.php?rest_route=%2Fwp%2Fv2%2Fcategories&post=755"},{"taxonomy":"post_tag","embeddable":true,"href":"https:\/\/www.spbezmiechowa.pl\/index.php?rest_route=%2Fwp%2Fv2%2Ftags&post=755"}],"curies":[{"name":"wp","href":"https:\/\/api.w.org\/{rel}","templated":true}]}}