{"id":8601,"date":"2018-05-24T17:33:34","date_gmt":"2018-05-24T17:33:34","guid":{"rendered":"https:\/\/www.spbezmiechowa.pl\/?p=8601"},"modified":"2025-06-10T21:01:42","modified_gmt":"2025-06-10T21:01:42","slug":"ruch-to-zdrowie-czyli-xiv-edycja-leskiego-biegu-im-jana-pawla-ii","status":"publish","type":"post","link":"https:\/\/www.spbezmiechowa.pl\/?p=8601","title":{"rendered":"Ruch to zdrowie, czyli XIV edycja Leskiego Biegu im. Jana Paw\u0142a II"},"content":{"rendered":"<p>23 maja 2018 roku w Lesku odby\u0142a si\u0119 czternasta edycja Leskiego Biegu im. Jana Paw\u0142a II. Wydarzenie zosta\u0142o zorganizowane przez organizowane przez Burmistrza Miasta i Gminy Lesko oraz Leskie Centrum Edukacji, Sportu i Promocji. W biegach udzia\u0142 wzi\u0119li uczniowie i uczennice klas \u201e0\u201d- VII.<\/p>\n<p>Dziewczynki z klasy \u201e0\u201d &#8211; Aleksandra Kabala oraz Martyna Ba\u0144czak &#8211; zdoby\u0142y kolejno II i IV miejsce. Reprezentant klasy II &#8211; Szymon Latusek zdoby\u0142 II miejsce. Uczennica klasy III Natalia Wa\u0144ca zdoby\u0142a I miejsce, w klasie III miejsce II zaj\u0119\u0142a Karolina Mularz. Nasi uczniowie bardzo ch\u0119tnie wzi\u0119li udzia\u0142 w zawodach \u015bwietnie si\u0119 przy tym bawi\u0105c. Pogoda r\u00f3wnie\u017c dopisa\u0142a, pomijaj\u0105c drobny deszczyk, kt\u00f3ry pojawi\u0142 si\u0119 pod koniec imprezy nios\u0105c uczestnikom orze\u017awienie.<\/p>\n<p>Serdecznie gratulujemy naszym wszystkim uczestnikom, dzi\u0119kujemy za godne reprezentowanie naszej szko\u0142y i trzymamy kciuki za kolejny start za rok.<\/p>\n<p style=\"text-align: right;\">Tekst i fot.: Diana Marcyszyn<\/p>\n<p><!--more--><\/p>\nngg_shortcode_0_placeholder\n","protected":false},"excerpt":{"rendered":"<p>23 maja 2018 roku w Lesku odby\u0142a si\u0119 czternasta edycja Leskiego Biegu im. Jana Paw\u0142a II. Wydarzenie zosta\u0142o zorganizowane przez organizowane przez Burmistrza Miasta i Gminy Lesko oraz Leskie Centrum Edukacji, Sportu i Promocji. W biegach udzia\u0142 wzi\u0119li uczniowie i uczennice klas \u201e0\u201d- VII. Dziewczynki z klasy \u201e0\u201d &#8211; Aleksandra Kabala oraz Martyna Ba\u0144czak &#8211; [&hellip;]<\/p>\n","protected":false},"author":2,"featured_media":9040,"comment_status":"closed","ping_status":"closed","sticky":false,"template":"","format":"standard","meta":{"ngg_post_thumbnail":0,"footnotes":""},"categories":[98,4],"tags":[],"class_list":["post-8601","post","type-post","status-publish","format-standard","has-post-thumbnail","hentry","category-2017-2018","category-aktualnosci"],"_links":{"self":[{"href":"https:\/\/www.spbezmiechowa.pl\/index.php?rest_route=\/wp\/v2\/posts\/8601","targetHints":{"allow":["GET"]}}],"collection":[{"href":"https:\/\/www.spbezmiechowa.pl\/index.php?rest_route=\/wp\/v2\/posts"}],"about":[{"href":"https:\/\/www.spbezmiechowa.pl\/index.php?rest_route=\/wp\/v2\/types\/post"}],"author":[{"embeddable":true,"href":"https:\/\/www.spbezmiechowa.pl\/index.php?rest_route=\/wp\/v2\/users\/2"}],"replies":[{"embeddable":true,"href":"https:\/\/www.spbezmiechowa.pl\/index.php?rest_route=%2Fwp%2Fv2%2Fcomments&post=8601"}],"version-history":[{"count":5,"href":"https:\/\/www.spbezmiechowa.pl\/index.php?rest_route=\/wp\/v2\/posts\/8601\/revisions"}],"predecessor-version":[{"id":9041,"href":"https:\/\/www.spbezmiechowa.pl\/index.php?rest_route=\/wp\/v2\/posts\/8601\/revisions\/9041"}],"wp:featuredmedia":[{"embeddable":true,"href":"https:\/\/www.spbezmiechowa.pl\/index.php?rest_route=\/wp\/v2\/media\/9040"}],"wp:attachment":[{"href":"https:\/\/www.spbezmiechowa.pl\/index.php?rest_route=%2Fwp%2Fv2%2Fmedia&parent=8601"}],"wp:term":[{"taxonomy":"category","embeddable":true,"href":"https:\/\/www.spbezmiechowa.pl\/index.php?rest_route=%2Fwp%2Fv2%2Fcategories&post=8601"},{"taxonomy":"post_tag","embeddable":true,"href":"https:\/\/www.spbezmiechowa.pl\/index.php?rest_route=%2Fwp%2Fv2%2Ftags&post=8601"}],"curies":[{"name":"wp","href":"https:\/\/api.w.org\/{rel}","templated":true}]}}