{"id":8895,"date":"2018-05-26T15:29:24","date_gmt":"2018-05-26T15:29:24","guid":{"rendered":"https:\/\/www.spbezmiechowa.pl\/?p=8895"},"modified":"2025-06-10T21:01:34","modified_gmt":"2025-06-10T21:01:34","slug":"dzien-mamy-i-taty-3","status":"publish","type":"post","link":"https:\/\/www.spbezmiechowa.pl\/?p=8895","title":{"rendered":"Dzie\u0144 Mamy i Taty"},"content":{"rendered":"<p>25 maja w naszej szkole odby\u0142y si\u0119 wielkie uroczysto\u015bci z okazji Dnia Mamy i Taty. Do szko\u0142y przybyli niezwykli go\u015bcie \u2013 Rodzice. To w\u0142a\u015bnie dla Nich dzieci przygotowa\u0142y z serca p\u0142yn\u0105ce \u017cyczenia oraz przedstawienia. Dyrektor Lucyna Matuszewska powita\u0142a wszystkich zebranych, a Rodzicom z\u0142o\u017cy\u0142a serdeczne \u017cyczenia. Nast\u0119pnie od\u015bwi\u0119tnie ubrane dzieci &#8211; od przedszkola po klas\u0119 III &#8211; wyra\u017ca\u0142y sw\u0105 mi\u0142o\u015b\u0107 i wdzi\u0119czno\u015b\u0107&nbsp; poprzez wyst\u0119py artystyczne. By\u0142y ta\u0144ce, piosenki, wiersze i przedstawienie. Na zako\u0144czenie wszyscy uczniowie wr\u0119czyli Rodzicom laurki z okazji ich \u015bwi\u0119ta.<\/p>\n<p>Publiczno\u015b\u0107 by\u0142a zachwycona popisami dzieci, na twarzach zebranych matek i ojc\u00f3w malowa\u0142o si\u0119 wzruszenie, ale tak\u017ce duma ze swoich zdolnych pociech. Nad ca\u0142o\u015bci\u0105 cz\u0119\u015bci artystycznej czuwa\u0142y nauczycieli: Zofia Przyg\u00f3rzewska, Kamila Fedak, Zofia Biskup i Joanna Latusek.<\/p>\n<p>Po cz\u0119\u015bci oficjalnej mia\u0142 miejsce s\u0142odki pocz\u0119stunek. Uroczysto\u015b\u0107 przebiega\u0142a w mi\u0142ej, ciep\u0142ej atmosferze. Ca\u0142o\u015b\u0107 zosta\u0142a uwieczniona na fotografiach \u2013 dzi\u0119ki czemu te szczeg\u00f3lne chwile zostan\u0105 na d\u0142ugo w pami\u0119ci wszystkich uczestnik\u00f3w.<\/p>\n<p><!--more--><\/p>\nngg_shortcode_0_placeholder\n","protected":false},"excerpt":{"rendered":"<p>25 maja w naszej szkole odby\u0142y si\u0119 wielkie uroczysto\u015bci z okazji Dnia Mamy i Taty. Do szko\u0142y przybyli niezwykli go\u015bcie \u2013 Rodzice. To w\u0142a\u015bnie dla Nich dzieci przygotowa\u0142y z serca p\u0142yn\u0105ce \u017cyczenia oraz przedstawienia. Dyrektor Lucyna Matuszewska powita\u0142a wszystkich zebranych, a Rodzicom z\u0142o\u017cy\u0142a serdeczne \u017cyczenia. Nast\u0119pnie od\u015bwi\u0119tnie ubrane dzieci &#8211; od przedszkola po klas\u0119 III [&hellip;]<\/p>\n","protected":false},"author":2,"featured_media":8952,"comment_status":"closed","ping_status":"closed","sticky":false,"template":"","format":"standard","meta":{"ngg_post_thumbnail":0,"footnotes":""},"categories":[98,4],"tags":[],"class_list":["post-8895","post","type-post","status-publish","format-standard","has-post-thumbnail","hentry","category-2017-2018","category-aktualnosci"],"_links":{"self":[{"href":"https:\/\/www.spbezmiechowa.pl\/index.php?rest_route=\/wp\/v2\/posts\/8895","targetHints":{"allow":["GET"]}}],"collection":[{"href":"https:\/\/www.spbezmiechowa.pl\/index.php?rest_route=\/wp\/v2\/posts"}],"about":[{"href":"https:\/\/www.spbezmiechowa.pl\/index.php?rest_route=\/wp\/v2\/types\/post"}],"author":[{"embeddable":true,"href":"https:\/\/www.spbezmiechowa.pl\/index.php?rest_route=\/wp\/v2\/users\/2"}],"replies":[{"embeddable":true,"href":"https:\/\/www.spbezmiechowa.pl\/index.php?rest_route=%2Fwp%2Fv2%2Fcomments&post=8895"}],"version-history":[{"count":3,"href":"https:\/\/www.spbezmiechowa.pl\/index.php?rest_route=\/wp\/v2\/posts\/8895\/revisions"}],"predecessor-version":[{"id":8953,"href":"https:\/\/www.spbezmiechowa.pl\/index.php?rest_route=\/wp\/v2\/posts\/8895\/revisions\/8953"}],"wp:featuredmedia":[{"embeddable":true,"href":"https:\/\/www.spbezmiechowa.pl\/index.php?rest_route=\/wp\/v2\/media\/8952"}],"wp:attachment":[{"href":"https:\/\/www.spbezmiechowa.pl\/index.php?rest_route=%2Fwp%2Fv2%2Fmedia&parent=8895"}],"wp:term":[{"taxonomy":"category","embeddable":true,"href":"https:\/\/www.spbezmiechowa.pl\/index.php?rest_route=%2Fwp%2Fv2%2Fcategories&post=8895"},{"taxonomy":"post_tag","embeddable":true,"href":"https:\/\/www.spbezmiechowa.pl\/index.php?rest_route=%2Fwp%2Fv2%2Ftags&post=8895"}],"curies":[{"name":"wp","href":"https:\/\/api.w.org\/{rel}","templated":true}]}}