{"id":9043,"date":"2018-06-15T17:57:23","date_gmt":"2018-06-15T17:57:23","guid":{"rendered":"https:\/\/www.spbezmiechowa.pl\/?p=9043"},"modified":"2025-06-10T21:01:04","modified_gmt":"2025-06-10T21:01:04","slug":"przedszkolaki-w-sali-zabaw-urwis","status":"publish","type":"post","link":"https:\/\/www.spbezmiechowa.pl\/?p=9043","title":{"rendered":"Przedszkolaki\u00a0 w sali zabaw URWIS"},"content":{"rendered":"<p>14 czerwca z okazji Dnia Dziecka dzieci z grupy przedszkolnej Krasnoludki wyruszy\u0142y na wycieczk\u0119 do sali zabaw URWIS w Sanoku. Dla niekt\u00f3rych przedszkolak\u00f3w by\u0142a to pierwsza podr\u00f3\u017c busem, dlatego wyjazd zwi\u0105zany by\u0142 z wieloma emocjami oraz oczekiwaniem na nowe prze\u017cycia. Celem naszej wycieczki by\u0142a przede wszystkim integracja, rozwijanie motoryki du\u017cej i ma\u0142ej dzieci oraz stworzenie mo\u017cliwo\u015bci radosnego sp\u0119dzenia czasu. Tego dnia pogoda nie dopisa\u0142a, by\u0142o zimno i deszczowo, ale to nie przeszkodzi\u0142o w dobrej zabawie.<\/p>\n<p>Dwie godziny zabawy w sali, w kt\u00f3rej znajdowa\u0142y si\u0119 r\u00f3\u017cnorodne przeszkody i miejsca do aktywno\u015bci, min\u0119\u0142y nam bardzo szybko. Dzieci skaka\u0142y na dmuchanym zamku, zje\u017cd\u017ca\u0142y ze \u015blizgawek wprost do wype\u0142nionego po brzegi kolorowymi pi\u0142eczkami basenu, biega\u0142y po kondygnacjach z przeszkodami, je\u017adzi\u0142y samochodami, gra\u0142y w r\u00f3\u017cne gry, budowa\u0142y z du\u017cych klock\u00f3w\u2026 Najwi\u0119ksz\u0105 atrakcj\u0105 by\u0142 niezwyk\u0142y pokaz baniek, a w nim ta\u0144cz\u0105ce ba\u0144ki, ba\u0144kowy deszcz, dzieci w ba\u0144ce oraz ba\u0144ki z dymem i ogniem.<\/p>\n<p>Po zabawie maluchy uda\u0142y si\u0119 na pocz\u0119stunek, a przed wyj\u015bciem ka\u017cdy z przedszkolak\u00f3w otrzyma\u0142 prezencik. Zadowolone, nieco zm\u0119czone i pe\u0142ne wra\u017ce\u0144 dzieci wr\u00f3ci\u0142y do Przedszkola a u\u015bmiech z ich twarzy nie znikn\u0105\u0142 do ko\u0144ca dnia.<\/p>\n<p style=\"text-align: right;\">Tekst i fot.: Joanna Latusek<\/p>\n<p><!--more--><\/p>\nngg_shortcode_0_placeholder\n","protected":false},"excerpt":{"rendered":"<p>14 czerwca z okazji Dnia Dziecka dzieci z grupy przedszkolnej Krasnoludki wyruszy\u0142y na wycieczk\u0119 do sali zabaw URWIS w Sanoku. Dla niekt\u00f3rych przedszkolak\u00f3w by\u0142a to pierwsza podr\u00f3\u017c busem, dlatego wyjazd zwi\u0105zany by\u0142 z wieloma emocjami oraz oczekiwaniem na nowe prze\u017cycia. Celem naszej wycieczki by\u0142a przede wszystkim integracja, rozwijanie motoryki du\u017cej i ma\u0142ej dzieci oraz stworzenie [&hellip;]<\/p>\n","protected":false},"author":2,"featured_media":9100,"comment_status":"closed","ping_status":"closed","sticky":false,"template":"","format":"standard","meta":{"ngg_post_thumbnail":0,"footnotes":""},"categories":[98,4],"tags":[],"class_list":["post-9043","post","type-post","status-publish","format-standard","has-post-thumbnail","hentry","category-2017-2018","category-aktualnosci"],"_links":{"self":[{"href":"https:\/\/www.spbezmiechowa.pl\/index.php?rest_route=\/wp\/v2\/posts\/9043","targetHints":{"allow":["GET"]}}],"collection":[{"href":"https:\/\/www.spbezmiechowa.pl\/index.php?rest_route=\/wp\/v2\/posts"}],"about":[{"href":"https:\/\/www.spbezmiechowa.pl\/index.php?rest_route=\/wp\/v2\/types\/post"}],"author":[{"embeddable":true,"href":"https:\/\/www.spbezmiechowa.pl\/index.php?rest_route=\/wp\/v2\/users\/2"}],"replies":[{"embeddable":true,"href":"https:\/\/www.spbezmiechowa.pl\/index.php?rest_route=%2Fwp%2Fv2%2Fcomments&post=9043"}],"version-history":[{"count":4,"href":"https:\/\/www.spbezmiechowa.pl\/index.php?rest_route=\/wp\/v2\/posts\/9043\/revisions"}],"predecessor-version":[{"id":9047,"href":"https:\/\/www.spbezmiechowa.pl\/index.php?rest_route=\/wp\/v2\/posts\/9043\/revisions\/9047"}],"wp:featuredmedia":[{"embeddable":true,"href":"https:\/\/www.spbezmiechowa.pl\/index.php?rest_route=\/wp\/v2\/media\/9100"}],"wp:attachment":[{"href":"https:\/\/www.spbezmiechowa.pl\/index.php?rest_route=%2Fwp%2Fv2%2Fmedia&parent=9043"}],"wp:term":[{"taxonomy":"category","embeddable":true,"href":"https:\/\/www.spbezmiechowa.pl\/index.php?rest_route=%2Fwp%2Fv2%2Fcategories&post=9043"},{"taxonomy":"post_tag","embeddable":true,"href":"https:\/\/www.spbezmiechowa.pl\/index.php?rest_route=%2Fwp%2Fv2%2Ftags&post=9043"}],"curies":[{"name":"wp","href":"https:\/\/api.w.org\/{rel}","templated":true}]}}