{"id":9150,"date":"2018-09-03T18:02:04","date_gmt":"2018-09-03T18:02:04","guid":{"rendered":"https:\/\/www.spbezmiechowa.pl\/?p=9150"},"modified":"2025-06-10T21:00:28","modified_gmt":"2025-06-10T21:00:28","slug":"witaj-szkolo-uroczyste-rozpoczecie-roku-szkolnego-2018-2019","status":"publish","type":"post","link":"https:\/\/www.spbezmiechowa.pl\/?p=9150","title":{"rendered":"Witaj szko\u0142o! Uroczyste rozpocz\u0119cie roku szkolnego 2018\/2019"},"content":{"rendered":"<p>&nbsp;\u201eJakie dwie wady maj\u0105 wakacje?\u201d- zapyta\u0142 dzi\u015b \u017cartobliwie uczni\u00f3w ksi\u0105dz proboszcz podczas uroczystej mszy \u015bwi\u0119tej na rozpocz\u0119cie nowego roku szkolnego 2018-2019. Zapewne zdecydowana wi\u0119kszo\u015b\u0107 dzieci pomy\u015bla\u0142a tylko o jednej z nich, a mianowicie o tym, \u017ce wakacje bardzo szybko mijaj\u0105. Jaka jest wi\u0119c druga wada tego cudownego, letniego czasu? Ot\u00f3\u017c trzeba na nie d\u0142ugo czeka\u0107. Czym wi\u0119c dzieci, m\u0142odzie\u017c, a nawet doro\u015bli wype\u0142niaj\u0105 sobie czas oczekiwania na upragnione dwa miesi\u0105ce s\u0142o\u0144ca? Nauk\u0105.<\/p>\n<p>Mamy 3 wrze\u015bnia, tak wi\u0119c czas rozpocz\u0105\u0107 szko\u0142\u0119 i od nowa przyzwyczai\u0107 nasze m\u00f3zgi do wyt\u0119\u017conej pracy tak, aby zdobywanie wiedzy by\u0142o przyjemno\u015bci\u0105, a nie przykrym obowi\u0105zkiem. Uroczysto\u015b\u0107 rozpocz\u0119cia roku szkolnego to r\u00f3wnie\u017c czas, aby przypomnie\u0107 tym du\u017cym i tym najmniejszym o rocznicy wybuchu II Wojny \u015awiatowej.<\/p>\n<p>Po mszy \u015bwi\u0119tej, wszyscy uczniowie wraz z rodzicami udali si\u0119 do szko\u0142y aby tam, po przywitaniu Pani Dyrektor Lucyny Matuszewskiej i od\u015bpiewaniu hymnu szkolnego uczestniczy\u0107 w apelu przygotowanym przez uczni\u00f3w klas IV-VIII pod przewodnictwem mgr Agnieszki Wa\u0144cy. Wyst\u0119p artystyczny by\u0142 przygotowany z najwi\u0119ksz\u0105 pieczo\u0142owito\u015bci\u0105. Uczniowie bardzo si\u0119 starali, co by\u0142o wida\u0107 i s\u0142ycha\u0107 podczas czytania, deklamacji wierszy i \u015bpiewu. Po zako\u0144czonym apelu, uczniowie wraz z wychowawcami udali si\u0119 do swoich klas.<\/p>\n<p>Wszyscy uczniowie zostali promowani do nast\u0119pnej klasy tak wi\u0119c dzi\u015b mieli okazj\u0119 po raz pierwszy wczu\u0107 si\u0119 w role uczni\u00f3w klas starszych. Wszyscy s\u0105 wy\u017csi, dojrzalsi i z ka\u017cdym kolejnym rokiem coraz bardziej \u015bwiadomi swoich uczniowskich obowi\u0105zk\u00f3w. Ka\u017cdy z nich wie, \u017ce aby dosta\u0107 si\u0119 do \u201e1 klasy\u201d (i tutaj podzi\u0119kowania dla ksi\u0119dza Romana \u0141obazy za doskona\u0142e zobrazowanie tego, co ka\u017cdy, nie tylko ucze\u0144 ale i cz\u0142owiek powinien robi\u0107, aby osi\u0105gn\u0105\u0107 wymarzony cel), b\u0119dzie musia\u0142 wytrwale i systematycznie pracowa\u0107, poszerza\u0107 zakres swoich wiadomo\u015bci i dawa\u0107 z siebie jak najwi\u0119cej si\u0119 da. Ale po co? S\u0142odkie owoce nauki zbieramy przez ca\u0142e \u017cycie, a te naj\u015bwie\u017csze wiadomo\u015bci przydadz\u0105 si\u0119 naszym podopiecznym ju\u017c na pierwszej kartk\u00f3wce.<\/p>\n<p>Grono pedagogiczne \u017cyczy wszystkim uczniom du\u017co zapa\u0142u, u\u015bmiechu i oczywi\u015bcie samych pi\u0105tek !!!<\/p>\n<p style=\"text-align: right;\">Tekst: Diana Marcyszyn<\/p>\n<p><!--more--><\/p>\nngg_shortcode_0_placeholder\n","protected":false},"excerpt":{"rendered":"<p>&nbsp;\u201eJakie dwie wady maj\u0105 wakacje?\u201d- zapyta\u0142 dzi\u015b \u017cartobliwie uczni\u00f3w ksi\u0105dz proboszcz podczas uroczystej mszy \u015bwi\u0119tej na rozpocz\u0119cie nowego roku szkolnego 2018-2019. Zapewne zdecydowana wi\u0119kszo\u015b\u0107 dzieci pomy\u015bla\u0142a tylko o jednej z nich, a mianowicie o tym, \u017ce wakacje bardzo szybko mijaj\u0105. Jaka jest wi\u0119c druga wada tego cudownego, letniego czasu? Ot\u00f3\u017c trzeba na nie d\u0142ugo czeka\u0107. [&hellip;]<\/p>\n","protected":false},"author":2,"featured_media":9152,"comment_status":"closed","ping_status":"closed","sticky":false,"template":"","format":"standard","meta":{"ngg_post_thumbnail":0,"footnotes":""},"categories":[97,4],"tags":[],"class_list":["post-9150","post","type-post","status-publish","format-standard","has-post-thumbnail","hentry","category-2018-2019","category-aktualnosci"],"_links":{"self":[{"href":"https:\/\/www.spbezmiechowa.pl\/index.php?rest_route=\/wp\/v2\/posts\/9150","targetHints":{"allow":["GET"]}}],"collection":[{"href":"https:\/\/www.spbezmiechowa.pl\/index.php?rest_route=\/wp\/v2\/posts"}],"about":[{"href":"https:\/\/www.spbezmiechowa.pl\/index.php?rest_route=\/wp\/v2\/types\/post"}],"author":[{"embeddable":true,"href":"https:\/\/www.spbezmiechowa.pl\/index.php?rest_route=\/wp\/v2\/users\/2"}],"replies":[{"embeddable":true,"href":"https:\/\/www.spbezmiechowa.pl\/index.php?rest_route=%2Fwp%2Fv2%2Fcomments&post=9150"}],"version-history":[{"count":6,"href":"https:\/\/www.spbezmiechowa.pl\/index.php?rest_route=\/wp\/v2\/posts\/9150\/revisions"}],"predecessor-version":[{"id":9171,"href":"https:\/\/www.spbezmiechowa.pl\/index.php?rest_route=\/wp\/v2\/posts\/9150\/revisions\/9171"}],"wp:featuredmedia":[{"embeddable":true,"href":"https:\/\/www.spbezmiechowa.pl\/index.php?rest_route=\/wp\/v2\/media\/9152"}],"wp:attachment":[{"href":"https:\/\/www.spbezmiechowa.pl\/index.php?rest_route=%2Fwp%2Fv2%2Fmedia&parent=9150"}],"wp:term":[{"taxonomy":"category","embeddable":true,"href":"https:\/\/www.spbezmiechowa.pl\/index.php?rest_route=%2Fwp%2Fv2%2Fcategories&post=9150"},{"taxonomy":"post_tag","embeddable":true,"href":"https:\/\/www.spbezmiechowa.pl\/index.php?rest_route=%2Fwp%2Fv2%2Ftags&post=9150"}],"curies":[{"name":"wp","href":"https:\/\/api.w.org\/{rel}","templated":true}]}}