{"id":9298,"date":"2018-10-06T10:56:39","date_gmt":"2018-10-06T10:56:39","guid":{"rendered":"https:\/\/www.spbezmiechowa.pl\/?p=9298"},"modified":"2025-06-10T20:59:45","modified_gmt":"2025-06-10T20:59:45","slug":"przemysl-miasto-wyjatkowe","status":"publish","type":"post","link":"https:\/\/www.spbezmiechowa.pl\/?p=9298","title":{"rendered":"Przemy\u015bl &#8211; miasto wyj\u0105tkowe"},"content":{"rendered":"<p>5 pa\u017adziernika 2018 roku uczniowie klas 4-8 wraz z opiekunami wybrali si\u0119 na wycieczk\u0119 do Krasiczyna oraz Przemy\u015bla.<\/p>\n<p>Pierwszym punktem wycieczki by\u0142 Zamek Krasickich wybudowany pod koniec XVI wieku. Dzieci mia\u0142y okazj\u0119 zwiedzi\u0107 pi\u0119kne, renesansowe wn\u0119trza, pos\u0142ucha\u0107 bardzo ciekawych opowie\u015bci przewodnika o budowie zamku i jego funkcji oraz w\u0142a\u015bcicielach. Na zako\u0144czenie zwiedzania wn\u0119trz oraz dziedzi\u0144ca, w zamian za poprawn\u0105 odpowied\u017a na zadane przez Pana przewodnika pytanie dotycz\u0105ce nazw baszt zamkowych, uczniowie mogli zej\u015b\u0107 do loch\u00f3w i w czelu\u015bciach budowli spr\u00f3bowa\u0107 dostrzec to, co prawie niewidoczne dla ludzkiego oka (szkielety i paj\u0105ki gratis). Droga do autokaru, kt\u00f3ry zawi\u00f3z\u0142 nas dalej, do Przemy\u015bla, wiod\u0142a przez pi\u0119kny park przy zamku.<\/p>\n<p>Zwiedzanie Przemy\u015bla uczniowie rozpocz\u0119li od spaceru po mie\u015bcie. Po drodze mogli zobaczy\u0107 Archikatedr\u0119 greckokatolick\u0105 (ze wspania\u0142ym, zabytkowym XVII-wiecznym ikonostasem z Lubaczowa), Muzeum Dzwon\u00f3w i Fajek ze wspania\u0142\u0105 panoram\u0105 miasta z wierzy zegarowej, Archikatedr\u0119 Rzymskokatolick\u0105, ko\u015bci\u00f3\u0142 Franciszkan\u00f3w, XVI i XVII &#8211; wieczne kamienice na rynku g\u0142\u00f3wnym, zabytkowy dworzec kolejowy, Zamek Kazimierzowski oraz Muzeum Narodowe Ziemi Przemyskiej, gdzie uczniowie wzi\u0119li udzia\u0142 w warsztatach pisania ikon.<\/p>\n<p>Po sko\u0144czonej pracy, wszyscy udali si\u0119 na zas\u0142u\u017cony obiad. Po posi\u0142ku przyszed\u0142 czas na ostatni punkt programu, czyli tor saneczkowy. Wszyscy \u015bwietnie si\u0119 bawili zje\u017cd\u017caj\u0105c po coraz to ostrzejszych zakr\u0119tach toru. Po emocjonuj\u0105cych zjazdach, przyszed\u0142 czas na powr\u00f3t do domu. To by\u0142 bardzo udany wyjazd!<\/p>\n<p style=\"text-align: right;\">Tekst: Diana Marcyszyn<\/p>\n<p><!--more--><\/p>\nngg_shortcode_0_placeholder\n","protected":false},"excerpt":{"rendered":"<p>5 pa\u017adziernika 2018 roku uczniowie klas 4-8 wraz z opiekunami wybrali si\u0119 na wycieczk\u0119 do Krasiczyna oraz Przemy\u015bla. Pierwszym punktem wycieczki by\u0142 Zamek Krasickich wybudowany pod koniec XVI wieku. Dzieci mia\u0142y okazj\u0119 zwiedzi\u0107 pi\u0119kne, renesansowe wn\u0119trza, pos\u0142ucha\u0107 bardzo ciekawych opowie\u015bci przewodnika o budowie zamku i jego funkcji oraz w\u0142a\u015bcicielach. Na zako\u0144czenie zwiedzania wn\u0119trz oraz dziedzi\u0144ca, [&hellip;]<\/p>\n","protected":false},"author":2,"featured_media":9432,"comment_status":"closed","ping_status":"closed","sticky":false,"template":"","format":"standard","meta":{"ngg_post_thumbnail":0,"footnotes":""},"categories":[97,4],"tags":[],"class_list":["post-9298","post","type-post","status-publish","format-standard","has-post-thumbnail","hentry","category-2018-2019","category-aktualnosci"],"_links":{"self":[{"href":"https:\/\/www.spbezmiechowa.pl\/index.php?rest_route=\/wp\/v2\/posts\/9298","targetHints":{"allow":["GET"]}}],"collection":[{"href":"https:\/\/www.spbezmiechowa.pl\/index.php?rest_route=\/wp\/v2\/posts"}],"about":[{"href":"https:\/\/www.spbezmiechowa.pl\/index.php?rest_route=\/wp\/v2\/types\/post"}],"author":[{"embeddable":true,"href":"https:\/\/www.spbezmiechowa.pl\/index.php?rest_route=\/wp\/v2\/users\/2"}],"replies":[{"embeddable":true,"href":"https:\/\/www.spbezmiechowa.pl\/index.php?rest_route=%2Fwp%2Fv2%2Fcomments&post=9298"}],"version-history":[{"count":3,"href":"https:\/\/www.spbezmiechowa.pl\/index.php?rest_route=\/wp\/v2\/posts\/9298\/revisions"}],"predecessor-version":[{"id":9301,"href":"https:\/\/www.spbezmiechowa.pl\/index.php?rest_route=\/wp\/v2\/posts\/9298\/revisions\/9301"}],"wp:featuredmedia":[{"embeddable":true,"href":"https:\/\/www.spbezmiechowa.pl\/index.php?rest_route=\/wp\/v2\/media\/9432"}],"wp:attachment":[{"href":"https:\/\/www.spbezmiechowa.pl\/index.php?rest_route=%2Fwp%2Fv2%2Fmedia&parent=9298"}],"wp:term":[{"taxonomy":"category","embeddable":true,"href":"https:\/\/www.spbezmiechowa.pl\/index.php?rest_route=%2Fwp%2Fv2%2Fcategories&post=9298"},{"taxonomy":"post_tag","embeddable":true,"href":"https:\/\/www.spbezmiechowa.pl\/index.php?rest_route=%2Fwp%2Fv2%2Ftags&post=9298"}],"curies":[{"name":"wp","href":"https:\/\/api.w.org\/{rel}","templated":true}]}}