{"id":9302,"date":"2018-10-13T11:05:43","date_gmt":"2018-10-13T11:05:43","guid":{"rendered":"https:\/\/www.spbezmiechowa.pl\/?p=9302"},"modified":"2025-06-10T20:59:38","modified_gmt":"2025-06-10T20:59:38","slug":"obys-cudze-dzieci-uczyl-czyli-pasowanie-na-ucznia-klasy-i-oraz-dzien-nauczyciela","status":"publish","type":"post","link":"https:\/\/www.spbezmiechowa.pl\/?p=9302","title":{"rendered":"&#8222;Oby\u015b cudze dzieci uczy\u0142&#8221;, czyli Pasowanie na ucznia klasy I oraz Dzie\u0144 Nauczyciela"},"content":{"rendered":"<p>12 pa\u017adziernika pierwszoklasistki naszej szko\u0142y zosta\u0142y pe\u0142noprawnymi uczennicami. By\u0142 to wyj\u0105tkowy dzie\u0144, zar\u00f3wno dla samych uczennic jak i ich rodzic\u00f3w, wychowawcy i Pani Dyrektor. Uroczysto\u015b\u0107 prowadzi\u0142 Pan Janusz Kurco\u0144, a dzieci z klasy I przygotowa\u0142y kr\u00f3tkie przedstawienie dla swoich starszych kole\u017canek i koleg\u00f3w. Zgodnie z tradycj\u0105, pierwszoklasi\u015bci musieli wykaza\u0107 si\u0119 swoj\u0105 wiedz\u0105 i umiej\u0119tno\u015bciami. Wsp\u00f3lnie \u015bpiewa\u0142y piosenki i recytowa\u0142y wiersze. Po \u015blubowaniu pani dyrektor Lucyna Matuszewska pasowa\u0142a dzieci klas pierwszych na uczni\u00f3w Szko\u0142y Podstawowej Fundacji \u201eElementarz\u201d im. Szybownik\u00f3w Polskich w Bezmiechowej Dolnej. Na zako\u0144czenie wszystkie uczennice otrzyma\u0142y pami\u0105tkowe dyplomy i birety. I klasa zrobi\u0142a sobie pami\u0105tkowe zdj\u0119cie ze swoim wychowawc\u0105 i po zobaczeniu kolejnego przedstawienia &#8211; tym razem z okazji Dnia Edukacji Narodowej, w radosnym nastroju uda\u0142a si\u0119 do swoich sal na s\u0142odki pocz\u0119stunek przygotowany przez rodzic\u00f3w.<\/p>\n<p>Jako, \u017ce Dzie\u0144 Edukacji Narodowej przypad\u0142 w tym roku na niedziel\u0119, w naszej szkole uroczysty apel z tej okazji odby\u0142 si\u0119 12 pa\u017adziernika. Przedstawienie pod przewrotnym tytu\u0142em \u201eOby\u015b cudze dzieci uczy\u0142\u201d, przygotowali uczniowie klas III-VIII pod przewodnictwem Pani Bo\u017ceny Plezi. Inscenizacja sk\u0142ada\u0142a si\u0119 z kilku akt\u00f3w, a po ka\u017cdym z nich by\u0142a zas\u0142aniana kurtyna, tak, aby nasi m\u0142odzi aktorzy mogli przygotowa\u0107 si\u0119 do kolejnego wej\u015bcia, co dodatkowo pot\u0119gowa\u0142o ciekawo\u015b\u0107 publiczno\u015bci. Po zako\u0144czonym przedstawieniu ka\u017cdemu nauczycielowi uczniowie wr\u0119czyli pi\u0119kne, w\u0142asnor\u0119cznie przygotowane S\u0142oiki Pozytywnych My\u015bli. Nie zapomniano r\u00f3wnie\u017c o by\u0142ych nauczycielach naszej szko\u0142y. Dla nich r\u00f3wnie\u017c zosta\u0142y przygotowane wspania\u0142e kartki z \u017cyczeniami, kt\u00f3re uczniowie dor\u0119czyli ka\u017cdemu osobi\u015bcie.<\/p>\n<p>To by\u0142 pi\u0119kny wyst\u0119p za co ca\u0142e Grono Pedagogiczne sk\u0142ada serdeczne podzi\u0119kowania naszym drogim uczniom i uczennicom.<\/p>\n<p style=\"text-align: right;\">Tekst i fot.: Diana Marcyszyn&nbsp;<\/p>\n<p><!--more--><\/p>\nngg_shortcode_0_placeholder\n","protected":false},"excerpt":{"rendered":"<p>12 pa\u017adziernika pierwszoklasistki naszej szko\u0142y zosta\u0142y pe\u0142noprawnymi uczennicami. By\u0142 to wyj\u0105tkowy dzie\u0144, zar\u00f3wno dla samych uczennic jak i ich rodzic\u00f3w, wychowawcy i Pani Dyrektor. Uroczysto\u015b\u0107 prowadzi\u0142 Pan Janusz Kurco\u0144, a dzieci z klasy I przygotowa\u0142y kr\u00f3tkie przedstawienie dla swoich starszych kole\u017canek i koleg\u00f3w. Zgodnie z tradycj\u0105, pierwszoklasi\u015bci musieli wykaza\u0107 si\u0119 swoj\u0105 wiedz\u0105 i umiej\u0119tno\u015bciami. Wsp\u00f3lnie [&hellip;]<\/p>\n","protected":false},"author":2,"featured_media":9467,"comment_status":"closed","ping_status":"closed","sticky":false,"template":"","format":"standard","meta":{"ngg_post_thumbnail":0,"footnotes":""},"categories":[97,4],"tags":[],"class_list":["post-9302","post","type-post","status-publish","format-standard","has-post-thumbnail","hentry","category-2018-2019","category-aktualnosci"],"_links":{"self":[{"href":"https:\/\/www.spbezmiechowa.pl\/index.php?rest_route=\/wp\/v2\/posts\/9302","targetHints":{"allow":["GET"]}}],"collection":[{"href":"https:\/\/www.spbezmiechowa.pl\/index.php?rest_route=\/wp\/v2\/posts"}],"about":[{"href":"https:\/\/www.spbezmiechowa.pl\/index.php?rest_route=\/wp\/v2\/types\/post"}],"author":[{"embeddable":true,"href":"https:\/\/www.spbezmiechowa.pl\/index.php?rest_route=\/wp\/v2\/users\/2"}],"replies":[{"embeddable":true,"href":"https:\/\/www.spbezmiechowa.pl\/index.php?rest_route=%2Fwp%2Fv2%2Fcomments&post=9302"}],"version-history":[{"count":2,"href":"https:\/\/www.spbezmiechowa.pl\/index.php?rest_route=\/wp\/v2\/posts\/9302\/revisions"}],"predecessor-version":[{"id":9466,"href":"https:\/\/www.spbezmiechowa.pl\/index.php?rest_route=\/wp\/v2\/posts\/9302\/revisions\/9466"}],"wp:featuredmedia":[{"embeddable":true,"href":"https:\/\/www.spbezmiechowa.pl\/index.php?rest_route=\/wp\/v2\/media\/9467"}],"wp:attachment":[{"href":"https:\/\/www.spbezmiechowa.pl\/index.php?rest_route=%2Fwp%2Fv2%2Fmedia&parent=9302"}],"wp:term":[{"taxonomy":"category","embeddable":true,"href":"https:\/\/www.spbezmiechowa.pl\/index.php?rest_route=%2Fwp%2Fv2%2Fcategories&post=9302"},{"taxonomy":"post_tag","embeddable":true,"href":"https:\/\/www.spbezmiechowa.pl\/index.php?rest_route=%2Fwp%2Fv2%2Ftags&post=9302"}],"curies":[{"name":"wp","href":"https:\/\/api.w.org\/{rel}","templated":true}]}}