{"id":9507,"date":"2018-10-26T18:31:55","date_gmt":"2018-10-26T18:31:55","guid":{"rendered":"https:\/\/www.spbezmiechowa.pl\/?p=9507"},"modified":"2025-06-10T20:59:27","modified_gmt":"2025-06-10T20:59:27","slug":"pasowanie-na-przedszkolaka-w-grupie-krasnoludkow","status":"publish","type":"post","link":"https:\/\/www.spbezmiechowa.pl\/?p=9507","title":{"rendered":"Pasowanie na Przedszkolaka w grupie Krasnoludk\u00f3w"},"content":{"rendered":"<p>Pasowanie na przedszkolaka to wyj\u0105tkowa uroczysto\u015b\u0107, kt\u00f3ra w grupie Krasnoludk\u00f3w odby\u0142a si\u0119 25 pa\u017adziernika. Od samego rana trwa\u0142y przygotowania, a w sali gromadzili si\u0119 rodzice.<\/p>\n<p>Dzieci rozpocz\u0119\u0142y uroczysto\u015b\u0107 od powitania pani Dyrektor oraz rodzic\u00f3w. Mali arty\u015bci zaprezentowali przygotowane piosenki, ta\u0144ce oraz wierszyki. Dla niekt\u00f3rych by\u0142 to pierwszy, bardzo wa\u017cny wyst\u0119p.<\/p>\n<p>Po cz\u0119\u015bci artystycznej nast\u0105pi\u0142 akt pasowania, czyli dotkni\u0119cie ramienia ka\u017cdego przedszkolaka \u201ekrasnoludkow\u0105 r\u00f3\u017cd\u017ck\u0105\u201d przez pani\u0105 Dyrektor Lucyn\u0119 Matuszewsk\u0105.<\/p>\n<p>Dla przedszkolak\u00f3w by\u0142o to wielkie prze\u017cycie, a dla rodzic\u00f3w pow\u00f3d do dumy i zadowolenia ze swoich pociech.<\/p>\n<p style=\"text-align: right;\">Tekst i fot.: Joanna Latusek<\/p>\n<p><!--more--><\/p>\nngg_shortcode_0_placeholder\n","protected":false},"excerpt":{"rendered":"<p>Pasowanie na przedszkolaka to wyj\u0105tkowa uroczysto\u015b\u0107, kt\u00f3ra w grupie Krasnoludk\u00f3w odby\u0142a si\u0119 25 pa\u017adziernika. Od samego rana trwa\u0142y przygotowania, a w sali gromadzili si\u0119 rodzice. Dzieci rozpocz\u0119\u0142y uroczysto\u015b\u0107 od powitania pani Dyrektor oraz rodzic\u00f3w. Mali arty\u015bci zaprezentowali przygotowane piosenki, ta\u0144ce oraz wierszyki. Dla niekt\u00f3rych by\u0142 to pierwszy, bardzo wa\u017cny wyst\u0119p. Po cz\u0119\u015bci artystycznej nast\u0105pi\u0142 akt [&hellip;]<\/p>\n","protected":false},"author":2,"featured_media":9521,"comment_status":"closed","ping_status":"closed","sticky":false,"template":"","format":"standard","meta":{"ngg_post_thumbnail":0,"footnotes":""},"categories":[97,4],"tags":[],"class_list":["post-9507","post","type-post","status-publish","format-standard","has-post-thumbnail","hentry","category-2018-2019","category-aktualnosci"],"_links":{"self":[{"href":"https:\/\/www.spbezmiechowa.pl\/index.php?rest_route=\/wp\/v2\/posts\/9507","targetHints":{"allow":["GET"]}}],"collection":[{"href":"https:\/\/www.spbezmiechowa.pl\/index.php?rest_route=\/wp\/v2\/posts"}],"about":[{"href":"https:\/\/www.spbezmiechowa.pl\/index.php?rest_route=\/wp\/v2\/types\/post"}],"author":[{"embeddable":true,"href":"https:\/\/www.spbezmiechowa.pl\/index.php?rest_route=\/wp\/v2\/users\/2"}],"replies":[{"embeddable":true,"href":"https:\/\/www.spbezmiechowa.pl\/index.php?rest_route=%2Fwp%2Fv2%2Fcomments&post=9507"}],"version-history":[{"count":5,"href":"https:\/\/www.spbezmiechowa.pl\/index.php?rest_route=\/wp\/v2\/posts\/9507\/revisions"}],"predecessor-version":[{"id":9526,"href":"https:\/\/www.spbezmiechowa.pl\/index.php?rest_route=\/wp\/v2\/posts\/9507\/revisions\/9526"}],"wp:featuredmedia":[{"embeddable":true,"href":"https:\/\/www.spbezmiechowa.pl\/index.php?rest_route=\/wp\/v2\/media\/9521"}],"wp:attachment":[{"href":"https:\/\/www.spbezmiechowa.pl\/index.php?rest_route=%2Fwp%2Fv2%2Fmedia&parent=9507"}],"wp:term":[{"taxonomy":"category","embeddable":true,"href":"https:\/\/www.spbezmiechowa.pl\/index.php?rest_route=%2Fwp%2Fv2%2Fcategories&post=9507"},{"taxonomy":"post_tag","embeddable":true,"href":"https:\/\/www.spbezmiechowa.pl\/index.php?rest_route=%2Fwp%2Fv2%2Ftags&post=9507"}],"curies":[{"name":"wp","href":"https:\/\/api.w.org\/{rel}","templated":true}]}}