{"id":9527,"date":"2018-11-10T17:05:06","date_gmt":"2018-11-10T17:05:06","guid":{"rendered":"https:\/\/www.spbezmiechowa.pl\/?p=9527"},"modified":"2025-06-10T20:59:21","modified_gmt":"2025-06-10T20:59:21","slug":"obchody-100-lecia-odzyskania-przez-polske-niepodleglosci","status":"publish","type":"post","link":"https:\/\/www.spbezmiechowa.pl\/?p=9527","title":{"rendered":"Obchody 100-lecia odzyskania przez Polsk\u0119 niepodleg\u0142o\u015bci"},"content":{"rendered":"<p><strong><em>\u201e(\u2026) Wolno\u015b\u0107 to diament do oszlifowania<br \/>\nA zab\u0142y\u015bnie blaskiem nie do opisania (\u2026)\u201d. Marek Grechuta<\/em><\/strong><\/p>\n<p>W tym roku przypada 100. rocznica odzyskania przez Polsk\u0119 niepodleg\u0142o\u015bci. Warto przypomnie\u0107, \u017ce po 123 latach rozbior\u00f3w dokonanych przez Austri\u0119, Prusy i Rosj\u0119, w 1918 roku nasz ukochany kraj odzyska\u0142 wolno\u015b\u0107. Aby upami\u0119tni\u0107 t\u0119 wa\u017cn\u0105 dla naszej ojczyzny dat\u0119, nasza szko\u0142a zorganizowa\u0142a kilka wydarze\u0144 o tematyce niepodleg\u0142o\u015bciowej.<\/p>\n<p>Na pocz\u0105tek, zobaczmy na kalendarium obchod\u00f3w tej okr\u0105g\u0142ej rocznicy w naszej szkole:<\/p>\n<ol>\n<li><strong>18 pa\u017adziernika \u2013 wewn\u0105trzszkolny konkurs na klasowe wykonanie plakat\u00f3w o tematyce niepodleg\u0142o\u015bciowej<\/strong><\/li>\n<\/ol>\n<p>Pierwsz\u0105 rzecz\u0105 jak\u0105 nasi uczniowie zrobili, aby uczci\u0107 pami\u0119\u0107 o wyzwoleniu naszego kraju z jarzma 123- letniej niewoli by\u0142y plakaty. Ka\u017cda klasa wykona\u0142a swoj\u0105 prac\u0119 plastyczn\u0105, kt\u00f3r\u0105 nast\u0119pnie prezentowa\u0142a podczas apelu szkolnego zorganizowanego specjalnie z tej okazji. Jury z\u0142o\u017cone z nauczycieli jednog\u0142o\u015bnie zdecydowa\u0142o, \u017ce pierwsze miejsce nale\u017cy si\u0119 wszystkim klasom jednocze\u015bnie. Wszyscy uczniowie bardzo si\u0119 starali i dzi\u0119ki ich zaanga\u017cowaniu nasza szko\u0142a zosta\u0142a przyozdobiona wspania\u0142ymi plakatami, kt\u00f3re codziennie mo\u017cna podziwia\u0107 na dolnym korytarzu.<\/p>\n<ol start=\"2\">\n<li><strong>23 pa\u017adziernika &#8211; \u201eCzytanie niepodleg\u0142o\u015bciowe\u201d <\/strong><\/li>\n<\/ol>\n<p>Najlepsz\u0105 wizyt\u00f3wk\u0105 cz\u0142owieka jest jego j\u0119zyk, dlatego 23 pa\u017adziernika na g\u0142\u00f3wnym korytarzu szko\u0142y odby\u0142o si\u0119 \u201eCzytanie niepodleg\u0142o\u015bciowe\u201d. Klasy od 4-8 wraz z nauczycielami czytali na g\u0142os fragmenty takich utwor\u00f3w jak \u201eLatarnik\u201d oraz \u201eStary wiarus z Reggio\u201d. Uczniowie i nauczyciele czytali wybrane fragmenty lektur do mikrofonu, siedz\u0105c na \u015brodku, tak aby s\u0142uchacze mogli us\u0142ysze\u0107 i zrozumie\u0107 tre\u015b\u0107 czytanych utwor\u00f3w. Wydarzenia takie wzbogacaj\u0105 nie tylko umys\u0142, ale r\u00f3wnie\u017c kszta\u0142tuj\u0105 \u0142atwo\u015b\u0107 w publicznym wypowiadaniu si\u0119.<\/p>\n<ol start=\"3\">\n<li><strong>30 pa\u017adziernika &#8211; \u201eDyktando niepodleg\u0142o\u015bciowe\u201d <\/strong><\/li>\n<\/ol>\n<p>Kolejnym punktem obchod\u00f3w 100-lecia odzyskania niepodleg\u0142o\u015bci by\u0142o dyktando niepodleg\u0142o\u015bciowe, kt\u00f3re odby\u0142o si\u0119 30 pa\u017adziernika w trzech kategoriach wiekowych &#8211; klasy 2-3, 4-6 oraz 7-8. Zadaniem uczestnik\u00f3w drugiej i trzeciej kategorii wiekowej by\u0142o napisanie dyktowanego przez nauczycielk\u0119 pani\u0105 Bo\u017cen\u0119 Plezi\u0119 tekstu o tematyce niepodleg\u0142o\u015bciowej. Pierwszy nosi\u0142 tytu\u0142 \u201eWygra\u0142 Polsk\u0119 na fortepianie\u201d i dotyczy\u0142 jednego z ojc\u00f3w niepodleg\u0142o\u015bci &#8211; Ignacego Jana Paderewskiego, natomiast drugi \u2013 \u201eDzie\u0144 jak nie co dzie\u0144, czyli minidyktando na stulecie niepodleg\u0142o\u015bci\u201d opowiada\u0142 o tym, jak \u015bwi\u0119towano niepodleg\u0142o\u015b\u0107 zaraz po jej odzyskaniu.<\/p>\n<ol start=\"4\">\n<li><strong>6 listopada &#8211; Pieczenie oraz roznoszenie ciasteczek niepodleg\u0142o\u015bciowych dla oddzia\u0142u \u201e0\u201d <\/strong><\/li>\n<\/ol>\n<p>Patriotyzm i wiedz\u0119 o ojczy\u017anie trzeba zaszczepia\u0107 w ludziach od najm\u0142odszych lat ich \u017cycia, dlatego nasi najm\u0142odsi uczniowie r\u00f3wnie\u017c czynnie brali udzia\u0142 w obchodach 100. Rocznicy Odzyskania przez Polsk\u0119 Niepodleg\u0142o\u015bci. Wraz z wychowawczyni\u0105 pani\u0105 Kamil\u0105 Fedak, piekli, przyozdabiali i roznosili najbli\u017cszym mieszka\u0144com naszej szko\u0142y pi\u0119kne i pyszne ciasteczka.<\/p>\n<ol start=\"5\">\n<li><strong>9 listopada &#8211; Akademia z okazji 100. Rocznicy Odzyskania przez Polsk\u0119 Niepodleg\u0142o\u015bci<\/strong><\/li>\n<\/ol>\n<p>9 listopada w naszej szkole odby\u0142 si\u0119 apel podsumowuj\u0105cy obchody jednej z najwa\u017cniejszych dla naszego kraju dat. Po uroczystym od\u015bpiewaniu hymnu pa\u0144stwowego o godz. 11.11 rozpocz\u0119\u0142a si\u0119 akademia. Zosta\u0142a ona przygotowana przez pani\u0105 Dian\u0119 Marcyszyn. Opraw\u0119 muzyczn\u0105 przygotowa\u0142 pan Rados\u0142aw Nosek. Udzia\u0142 w niej brali uczniowie klas IV-VIII, kt\u00f3rzy rzetelnie i skrupulatnie przygotowali si\u0119 do wyst\u0119pu. Ka\u017cdy z wyst\u0119puj\u0105cych podczas akademii mia\u0142 bia\u0142o &#8211; czerwony kotylion przygotowany wsp\u00f3lnie z Pani\u0105 Monik\u0105 Drozdalsk\u0105 \u2013 Ho\u0142ub podczas lekcji plastyki. Z pomoc\u0105 wychowawc\u00f3w zrobili r\u00f3wnie\u017c pi\u0119kne dekoracje, kt\u00f3re by\u0142y doskona\u0142ym t\u0142em u\u015bwietniaj\u0105cym ca\u0142e wydarzenie. Po akademii przyszed\u0142 czas na ostatni punkt programu, czyli konkurs na pie\u015bni niepodleg\u0142o\u015bciowe. Podobnie jak podczas wykonywania plakatu i tutaj ka\u017cda klasa opracowa\u0142a swoj\u0105 pie\u015b\u0144 i wykona\u0142a j\u0105 przed ca\u0142\u0105 szko\u0142\u0105. Tutaj r\u00f3wnie\u017c nasi uczniowie zas\u0142uguj\u0105 na ogromn\u0105 pochwa\u0142\u0119, bo wszyscy \u015bpiewali wspaniale, a wykonania pie\u015bni szczeg\u00f3lnie starszych klas chwyta\u0142y za serce i w niekt\u00f3rych momentach samym wychowawcom uda\u0142o si\u0119 uroni\u0107 \u0142ezk\u0119.&nbsp;<\/p>\n<p>Pragniemy, aby uczniowie naszej szko\u0142y byli zafascynowani swoim dziedzictwem kulturowym i historycznym ale r\u00f3wnie\u017c, aby kochali sw\u00f3j kraj. Dlatego te\u017c, staramy si\u0119, \u017ceby&nbsp;patriotyzm nie&nbsp;by\u0142 nudny. Poznajemy zatem tradycje regionu, czytamy legendy, organizujemy wycieczki i konkursy.<\/p>\n<p><em>\u201eOjczyzna jest nasz\u0105 matk\u0105 ziemsk\u0105. Polska jest matk\u0105 szczeg\u00f3ln\u0105. Nie\u0142atwe s\u0105 jej dzieje, zw\u0142aszcza na przestrzeni ostatnich stuleci. Jest matk\u0105, kt\u00f3ra wiele przecierpia\u0142a i wci\u0105\u017c na nowo cierpi. Dlatego te\u017c ma prawo do mi\u0142o\u015bci szczeg\u00f3lnej\u201d. Jan Pawe\u0142 II<\/em><\/p>\n<p style=\"text-align: right;\">Tekst: Diana Marcyszyn<\/p>\n<p><!--more--><\/p>\nngg_shortcode_0_placeholder\n","protected":false},"excerpt":{"rendered":"<p>\u201e(\u2026) Wolno\u015b\u0107 to diament do oszlifowania A zab\u0142y\u015bnie blaskiem nie do opisania (\u2026)\u201d. Marek Grechuta W tym roku przypada 100. rocznica odzyskania przez Polsk\u0119 niepodleg\u0142o\u015bci. Warto przypomnie\u0107, \u017ce po 123 latach rozbior\u00f3w dokonanych przez Austri\u0119, Prusy i Rosj\u0119, w 1918 roku nasz ukochany kraj odzyska\u0142 wolno\u015b\u0107. Aby upami\u0119tni\u0107 t\u0119 wa\u017cn\u0105 dla naszej ojczyzny dat\u0119, nasza [&hellip;]<\/p>\n","protected":false},"author":2,"featured_media":9621,"comment_status":"closed","ping_status":"closed","sticky":false,"template":"","format":"standard","meta":{"ngg_post_thumbnail":0,"footnotes":""},"categories":[97,4],"tags":[],"class_list":["post-9527","post","type-post","status-publish","format-standard","has-post-thumbnail","hentry","category-2018-2019","category-aktualnosci"],"_links":{"self":[{"href":"https:\/\/www.spbezmiechowa.pl\/index.php?rest_route=\/wp\/v2\/posts\/9527","targetHints":{"allow":["GET"]}}],"collection":[{"href":"https:\/\/www.spbezmiechowa.pl\/index.php?rest_route=\/wp\/v2\/posts"}],"about":[{"href":"https:\/\/www.spbezmiechowa.pl\/index.php?rest_route=\/wp\/v2\/types\/post"}],"author":[{"embeddable":true,"href":"https:\/\/www.spbezmiechowa.pl\/index.php?rest_route=\/wp\/v2\/users\/2"}],"replies":[{"embeddable":true,"href":"https:\/\/www.spbezmiechowa.pl\/index.php?rest_route=%2Fwp%2Fv2%2Fcomments&post=9527"}],"version-history":[{"count":4,"href":"https:\/\/www.spbezmiechowa.pl\/index.php?rest_route=\/wp\/v2\/posts\/9527\/revisions"}],"predecessor-version":[{"id":9620,"href":"https:\/\/www.spbezmiechowa.pl\/index.php?rest_route=\/wp\/v2\/posts\/9527\/revisions\/9620"}],"wp:featuredmedia":[{"embeddable":true,"href":"https:\/\/www.spbezmiechowa.pl\/index.php?rest_route=\/wp\/v2\/media\/9621"}],"wp:attachment":[{"href":"https:\/\/www.spbezmiechowa.pl\/index.php?rest_route=%2Fwp%2Fv2%2Fmedia&parent=9527"}],"wp:term":[{"taxonomy":"category","embeddable":true,"href":"https:\/\/www.spbezmiechowa.pl\/index.php?rest_route=%2Fwp%2Fv2%2Fcategories&post=9527"},{"taxonomy":"post_tag","embeddable":true,"href":"https:\/\/www.spbezmiechowa.pl\/index.php?rest_route=%2Fwp%2Fv2%2Ftags&post=9527"}],"curies":[{"name":"wp","href":"https:\/\/api.w.org\/{rel}","templated":true}]}}